{"id":32546,"date":"2016-11-29T12:11:29","date_gmt":"2016-11-29T12:11:29","guid":{"rendered":"http:\/\/plazajuarez.mx\/index\/index.php\/2016\/11\/29\/chayanne-le-da-el-beneficio-de-la-duda-a-trump\/"},"modified":"2016-11-29T12:11:29","modified_gmt":"2016-11-29T12:11:29","slug":"chayanne-le-da-el-beneficio-de-la-duda-a-trump","status":"publish","type":"post","link":"https:\/\/plazajuarez.mx\/historico\/chayanne-le-da-el-beneficio-de-la-duda-a-trump\/","title":{"rendered":"Chayanne le da el beneficio de la duda a Trump"},"content":{"rendered":"<p dir=\"ltr\" style=\"line-height: 1.2; margin-top: 0pt; margin-bottom: 0pt; text-align: justify;\"><span style=\"font-size: 18.666666666666664px; font-family: Arial; color: #000000; background-color: transparent; font-weight: 400; font-style: normal; font-variant: normal; text-decoration: none; vertical-align: baseline; white-space: pre-wrap;\">De visita en M\u00e9xico para presentar la campa\u00f1a navide\u00f1a de una firma mexicana de la cual es imagen, el cantante Chayanne fue cuestionado acerca del triunfo electoral de Donald Trump, muy cauto el puertorrique\u00f1o trat\u00f3 de no<\/span><\/p>\n<p>  <!--more-->  <\/p>\n<p dir=\"ltr\" style=\"line-height: 1.2; margin-top: 0pt; margin-bottom: 0pt; text-align: justify;\"><span style=\"font-size: 18.666666666666664px; font-family: Arial; color: #000000; background-color: transparent; font-weight: 400; font-style: normal; font-variant: normal; text-decoration: none; vertical-align: baseline; white-space: pre-wrap;\">comprometerse y prefiri\u00f3 afirmar que el presidente electo de los Estados Unidos merece el beneficio de la duda.<\/span><\/p>\n<p dir=\"ltr\" style=\"line-height: 1.2; margin-top: 0pt; margin-bottom: 0pt; text-indent: 36pt; text-align: justify;\"><span style=\"font-size: 18.666666666666664px; font-family: Arial; color: #000000; background-color: transparent; font-weight: 400; font-style: normal; font-variant: normal; text-decoration: none; vertical-align: baseline; white-space: pre-wrap;\">\u201cHay que darle la oportunidad la primera vez, igual que se la dimos a Obama o a Clinton, a nivel pol\u00edtico yo soy muy reservado, eso es todo lo que puedo decir, que tambi\u00e9n le demos la oportunidad a nuestros l\u00edderes, que fueron elegidos por la mayor\u00eda y tener fe de que las cosas est\u00e9n bien para todos, que haya trabajo para todos porque ellos est\u00e1n all\u00e1 tratando de crear una familia maravillosa\u201d, fue lo que mencion\u00f3 Chayanne quien reside en los Estados Unidos.<\/span><\/p>\n<p><b id=\"docs-internal-guid-a9bbd22f-afff-8867-9d95-aa8053075562\" style=\"font-weight: normal;\"><span style=\"font-size: 18.666666666666664px; font-family: Arial; color: #000000; background-color: transparent; font-weight: 400; font-style: normal; font-variant: normal; text-decoration: none; vertical-align: baseline; white-space: pre-wrap;\">Adelant\u00f3 que ya trabaja en la producci\u00f3n de su nuevo disco, por lo que tal vez estar\u00eda de regreso para dar alg\u00fan concierto en nuestro pa\u00eds hasta el 2018.<\/span><\/b><\/p>\n","protected":false},"excerpt":{"rendered":"<p>De visita en M\u00e9xico para presentar la campa\u00f1a navide\u00f1a de una firma mexicana de la cual es imagen, el cantante Chayanne fue cuestionado acerca del triunfo electoral de Donald Trump, muy cauto el puertorrique\u00f1o trat\u00f3 de no<\/p>\n","protected":false},"author":93,"featured_media":0,"comment_status":"open","ping_status":"open","sticky":false,"template":"","format":"standard","meta":{"footnotes":""},"categories":[38],"tags":[],"class_list":["post-32546","post","type-post","status-publish","format-standard","hentry","category-show"],"_links":{"self":[{"href":"https:\/\/plazajuarez.mx\/historico\/wp-json\/wp\/v2\/posts\/32546","targetHints":{"allow":["GET"]}}],"collection":[{"href":"https:\/\/plazajuarez.mx\/historico\/wp-json\/wp\/v2\/posts"}],"about":[{"href":"https:\/\/plazajuarez.mx\/historico\/wp-json\/wp\/v2\/types\/post"}],"author":[{"embeddable":true,"href":"https:\/\/plazajuarez.mx\/historico\/wp-json\/wp\/v2\/users\/93"}],"replies":[{"embeddable":true,"href":"https:\/\/plazajuarez.mx\/historico\/wp-json\/wp\/v2\/comments?post=32546"}],"version-history":[{"count":0,"href":"https:\/\/plazajuarez.mx\/historico\/wp-json\/wp\/v2\/posts\/32546\/revisions"}],"wp:attachment":[{"href":"https:\/\/plazajuarez.mx\/historico\/wp-json\/wp\/v2\/media?parent=32546"}],"wp:term":[{"taxonomy":"category","embeddable":true,"href":"https:\/\/plazajuarez.mx\/historico\/wp-json\/wp\/v2\/categories?post=32546"},{"taxonomy":"post_tag","embeddable":true,"href":"https:\/\/plazajuarez.mx\/historico\/wp-json\/wp\/v2\/tags?post=32546"}],"curies":[{"name":"wp","href":"https:\/\/api.w.org\/{rel}","templated":true}]}}