{"id":32477,"date":"2016-11-27T15:43:07","date_gmt":"2016-11-27T15:43:07","guid":{"rendered":"http:\/\/plazajuarez.mx\/index\/index.php\/2016\/11\/27\/se-acerca\/"},"modified":"2020-04-14T19:58:53","modified_gmt":"2020-04-14T19:58:53","slug":"se-acerca","status":"publish","type":"post","link":"https:\/\/plazajuarez.mx\/historico\/se-acerca\/","title":{"rendered":"Se acerca"},"content":{"rendered":"<p>RELATOS DE VIDA<\/p>\n<p>  <!--more-->  <\/p>\n<p>\u00a1Se acerca! Es la voz que se escucha entre los pasillos de oficina, las calles, los mercados, el transporte p\u00fablico, entre los grupos de escolares, j\u00f3venes, de personas con cabellos plateados, es un anhelo, una meta e incluso un aviso.<\/p>\n<p>\u00a1Se acerca! Es el pensamiento com\u00fan, y lo piensan porque as\u00ed lo sienten, con las im\u00e1genes, los escenarios, el conjunto de expresiones, la melancol\u00eda y tambi\u00e9n por medio del aire, g\u00e9lido pero a la vez c\u00e1lido que hace recordar y volver a vivir por los que est\u00e1n y los que se adelantaron.<\/p>\n<p>\u00a1Se acerca! Sigiloso pero con paso fuerte, presuroso pero tambi\u00e9n en agobia, con sue\u00f1os pero tambi\u00e9n con preocupaciones, con \u00e1nimo y alegr\u00eda pero al mismo tiempo deprimente, porque es el fin de un ciclo y al mismo tiempo el inicio de uno nuevo tal vez exitoso o probablemente conflictivo.<\/p>\n<p>\u00a1Se acerca! Y nada se puede hacer, solo agradecer, recordar, emprender, ser positivos y continuar, porque as\u00ed es diciembre, temeroso; as\u00ed es Navidad, unida; as\u00ed es el fin de a\u00f1o; un c\u00famulo de emociones, sentimientos, objetivos; todo se resume en un mes, en 31 d\u00edas que ser\u00e1n la base para el comienzo de un nuevo a\u00f1o.<\/p>\n","protected":false},"excerpt":{"rendered":"<p>RELATOS DE VIDA<\/p>\n","protected":false},"author":73,"featured_media":0,"comment_status":"open","ping_status":"open","sticky":false,"template":"","format":"standard","meta":{"footnotes":""},"categories":[42,85],"tags":[],"class_list":["post-32477","post","type-post","status-publish","format-standard","hentry","category-nuestrapalabra","category-relatos"],"_links":{"self":[{"href":"https:\/\/plazajuarez.mx\/historico\/wp-json\/wp\/v2\/posts\/32477","targetHints":{"allow":["GET"]}}],"collection":[{"href":"https:\/\/plazajuarez.mx\/historico\/wp-json\/wp\/v2\/posts"}],"about":[{"href":"https:\/\/plazajuarez.mx\/historico\/wp-json\/wp\/v2\/types\/post"}],"author":[{"embeddable":true,"href":"https:\/\/plazajuarez.mx\/historico\/wp-json\/wp\/v2\/users\/73"}],"replies":[{"embeddable":true,"href":"https:\/\/plazajuarez.mx\/historico\/wp-json\/wp\/v2\/comments?post=32477"}],"version-history":[{"count":0,"href":"https:\/\/plazajuarez.mx\/historico\/wp-json\/wp\/v2\/posts\/32477\/revisions"}],"wp:attachment":[{"href":"https:\/\/plazajuarez.mx\/historico\/wp-json\/wp\/v2\/media?parent=32477"}],"wp:term":[{"taxonomy":"category","embeddable":true,"href":"https:\/\/plazajuarez.mx\/historico\/wp-json\/wp\/v2\/categories?post=32477"},{"taxonomy":"post_tag","embeddable":true,"href":"https:\/\/plazajuarez.mx\/historico\/wp-json\/wp\/v2\/tags?post=32477"}],"curies":[{"name":"wp","href":"https:\/\/api.w.org\/{rel}","templated":true}]}}