{"id":32476,"date":"2016-11-27T15:42:51","date_gmt":"2016-11-27T15:42:51","guid":{"rendered":"http:\/\/plazajuarez.mx\/index\/index.php\/2016\/11\/27\/recuerdan-legado-de-fidel-castro\/"},"modified":"2016-11-27T15:42:51","modified_gmt":"2016-11-27T15:42:51","slug":"recuerdan-legado-de-fidel-castro","status":"publish","type":"post","link":"https:\/\/plazajuarez.mx\/historico\/recuerdan-legado-de-fidel-castro\/","title":{"rendered":"Recuerdan legado de Fidel Castro"},"content":{"rendered":"<p>FIL DE GUADALAJARA\u00a0\u00a0\u00a0 <br \/>\u25cf\u00a0\u00a0\u00a0 Una de las menciones m\u00e1s reiteradas fue la muerte del ex presidente de Cuba, Fidel Castro, fallecido la noche del viernes<\/p>\n<p>  <!--more-->  <\/p>\n<p>Durante los discursos celebratorios por los 30 a\u00f1os que cumple la Feria Internacional del Libro (FIL) de Guadalajara, una de las menciones m\u00e1s reiteradas fue la muerte del ex presidente de Cuba, Fidel Castro, fallecido la noche del viernes.<br \/>Ra\u00fal Padilla, presidente de la Feria Internacional del Libro de Guadalajara, se\u00f1al\u00f3 que se trata de un acontecimiento &#8220;que marca el fin de una \u00e9poca que le dio a Latinoam\u00e9rica una proyecci\u00f3n mundial. En el mundo se gener\u00f3 una gran expectativa de lo que en el Caribe se estaba gestando y sin duda su personalidad tuvo una influencia determinante en Am\u00e9rica Latina y la efervescencia cultural de Cuba en el boom de la literatura latinoamericana&#8221;.<br \/>Luego dijo que la historia juzgar\u00e1 el derrotero de la Revoluci\u00f3n Cubana y la impronta de Castro, &#8220;pero el futuro de Cuba es de inter\u00e9s para todos los latinoamericanos. Nunca las ideas pueden florecer en el totalitarismo, sin libertad no hay creaci\u00f3n, en lo que venga para el pueblo cubano, los mexicanos estaremos como siempre hemos estado. Nuestra solidaridad est\u00e1 por encima de las ideolog\u00edas. Enviamos nuestras condolencias al gobierno cubano&#8221;.<\/p>\n","protected":false},"excerpt":{"rendered":"<p>FIL DE GUADALAJARA\u00a0\u00a0\u00a0 \u25cf\u00a0\u00a0\u00a0 Una de las menciones m\u00e1s reiteradas fue la muerte del ex presidente de Cuba, Fidel Castro, fallecido la noche del viernes<\/p>\n","protected":false},"author":93,"featured_media":0,"comment_status":"open","ping_status":"open","sticky":false,"template":"","format":"standard","meta":{"footnotes":""},"categories":[41],"tags":[],"class_list":["post-32476","post","type-post","status-publish","format-standard","hentry","category-arteria-cultural"],"_links":{"self":[{"href":"https:\/\/plazajuarez.mx\/historico\/wp-json\/wp\/v2\/posts\/32476","targetHints":{"allow":["GET"]}}],"collection":[{"href":"https:\/\/plazajuarez.mx\/historico\/wp-json\/wp\/v2\/posts"}],"about":[{"href":"https:\/\/plazajuarez.mx\/historico\/wp-json\/wp\/v2\/types\/post"}],"author":[{"embeddable":true,"href":"https:\/\/plazajuarez.mx\/historico\/wp-json\/wp\/v2\/users\/93"}],"replies":[{"embeddable":true,"href":"https:\/\/plazajuarez.mx\/historico\/wp-json\/wp\/v2\/comments?post=32476"}],"version-history":[{"count":0,"href":"https:\/\/plazajuarez.mx\/historico\/wp-json\/wp\/v2\/posts\/32476\/revisions"}],"wp:attachment":[{"href":"https:\/\/plazajuarez.mx\/historico\/wp-json\/wp\/v2\/media?parent=32476"}],"wp:term":[{"taxonomy":"category","embeddable":true,"href":"https:\/\/plazajuarez.mx\/historico\/wp-json\/wp\/v2\/categories?post=32476"},{"taxonomy":"post_tag","embeddable":true,"href":"https:\/\/plazajuarez.mx\/historico\/wp-json\/wp\/v2\/tags?post=32476"}],"curies":[{"name":"wp","href":"https:\/\/api.w.org\/{rel}","templated":true}]}}