{"id":32467,"date":"2016-11-27T15:36:57","date_gmt":"2016-11-27T15:36:57","guid":{"rendered":"http:\/\/plazajuarez.mx\/index\/index.php\/2016\/11\/27\/ely-guerra-cantara-en-lucha-contra-el-sida\/"},"modified":"2016-11-27T15:36:57","modified_gmt":"2016-11-27T15:36:57","slug":"ely-guerra-cantara-en-lucha-contra-el-sida","status":"publish","type":"post","link":"https:\/\/plazajuarez.mx\/historico\/ely-guerra-cantara-en-lucha-contra-el-sida\/","title":{"rendered":"Ely Guerra cantar\u00e1 en lucha contra el sida"},"content":{"rendered":"<p>MENSAJE A J\u00d3VENES<\/p>\n<p>  <!--more-->  <\/p>\n<p>La m\u00fasica es un puente para crear conciencia social, por eso Ely Guerra, Kinky y Fobia se reunir\u00e1n para hacerle llegar a los j\u00f3venes un mensaje por la salud y a ser preventivos con el sida. <br \/>Con sus canciones Ely Guerra sabe que puede hacer mucho m\u00e1s por la causa, as\u00ed que afirm\u00f3 que mientras para las autoridades es un reto acudir a las redes sociales, para ellos como artistas es m\u00e1s sencillos pues es la v\u00eda en donde ocurre la comunicaci\u00f3n. <br \/>\u201cLevantar\u00e9 mi voz lo m\u00e1s fuerte posible con mi m\u00fasica. Hay que ayudarnos inform\u00e1ndonos y dejar la discriminaci\u00f3n; ya tenemos (suficiente) con un vecino muy poderoso que est\u00e1 lanzando bombas con temas muy desagradables\u201d, refiri\u00f3 la cantante haciendo referencia a Donald Trump.<br \/>En un evento con el lema \u201cMant\u00e9n promesa\u201d, organizado por la Aids HealthCare Foundation (AHF) y el Gobierno de la Ciudad de M\u00e9xico, se presentar\u00e1 el pr\u00f3ximo 30 de noviembre en el Monumento a la Revoluci\u00f3n a partir de las 18:30 horas como parte del marco de la conmemoraci\u00f3n internacional de la lucha contra el sida y tambi\u00e9n contra la violencia hacia las mujeres, ni\u00f1as y adolescentes.<\/p>\n","protected":false},"excerpt":{"rendered":"<p>MENSAJE A J\u00d3VENES<\/p>\n","protected":false},"author":93,"featured_media":0,"comment_status":"open","ping_status":"open","sticky":false,"template":"","format":"standard","meta":{"footnotes":""},"categories":[38],"tags":[],"class_list":["post-32467","post","type-post","status-publish","format-standard","hentry","category-show"],"_links":{"self":[{"href":"https:\/\/plazajuarez.mx\/historico\/wp-json\/wp\/v2\/posts\/32467","targetHints":{"allow":["GET"]}}],"collection":[{"href":"https:\/\/plazajuarez.mx\/historico\/wp-json\/wp\/v2\/posts"}],"about":[{"href":"https:\/\/plazajuarez.mx\/historico\/wp-json\/wp\/v2\/types\/post"}],"author":[{"embeddable":true,"href":"https:\/\/plazajuarez.mx\/historico\/wp-json\/wp\/v2\/users\/93"}],"replies":[{"embeddable":true,"href":"https:\/\/plazajuarez.mx\/historico\/wp-json\/wp\/v2\/comments?post=32467"}],"version-history":[{"count":0,"href":"https:\/\/plazajuarez.mx\/historico\/wp-json\/wp\/v2\/posts\/32467\/revisions"}],"wp:attachment":[{"href":"https:\/\/plazajuarez.mx\/historico\/wp-json\/wp\/v2\/media?parent=32467"}],"wp:term":[{"taxonomy":"category","embeddable":true,"href":"https:\/\/plazajuarez.mx\/historico\/wp-json\/wp\/v2\/categories?post=32467"},{"taxonomy":"post_tag","embeddable":true,"href":"https:\/\/plazajuarez.mx\/historico\/wp-json\/wp\/v2\/tags?post=32467"}],"curies":[{"name":"wp","href":"https:\/\/api.w.org\/{rel}","templated":true}]}}