{"id":3234,"date":"2015-04-04T06:00:00","date_gmt":"2015-04-04T06:00:00","guid":{"rendered":"http:\/\/plazajuarez.mx\/index\/index.php\/2015\/04\/04\/lo-que-no-te-puedes-perder-en-semana-santa\/"},"modified":"2015-04-04T06:00:00","modified_gmt":"2015-04-04T06:00:00","slug":"lo-que-no-te-puedes-perder-en-semana-santa","status":"publish","type":"post","link":"https:\/\/plazajuarez.mx\/historico\/lo-que-no-te-puedes-perder-en-semana-santa\/","title":{"rendered":"Lo que no te puedes perder en semana santa."},"content":{"rendered":"<p><span style=\"font-family: verdana,geneva; font-size: 10pt;\">Semana Santa, que abarca danza, \u00f3pera, artes visuales y m\u00fasica. Adem\u00e1s, por primera vez, el Festival Centro Hist\u00f3rico M\u00e9xico presenta su programaci\u00f3n durante estos d\u00edas con funciones en sus distintas sedes, como el Teatro de la Ciudad.<\/span><\/p>\n<p>  <!--more-->  <\/p>\n<p>\u00a0<\/p>\n<p><span style=\"font-family: verdana,geneva; font-size: 10pt;\">\u00a0<\/span><\/p>\n<p><span style=\"font-family: verdana,geneva; font-size: 10pt;\">Una de las muestras m\u00e1s exitosas, que ha registrado m\u00e1s de 120 mil visitantes, es Leonardo, Rafael, Caravaggio: una muestra imposible. Las obras de arte en la era de la reproducci\u00f3n digital, integrada por la reproducci\u00f3n digital de 57 pinturas y frescos en escala 1:1 y en alta resoluci\u00f3n, que se presenta en el Centro Nacional de las Artes en cuatro espacios expositivos: Galer\u00eda Central, Galer\u00eda Juan Soriano, Galer\u00eda Arte Binario y Galer\u00eda Espacio Alternativo, donde se exhiben 29 obras de Caravaggio, 20 de Rafael (incluido el fresco La Escuela de Atenas) y ocho de Leonardo (incluidas La \u00faltima cena y La Gioconda).<\/span><\/p>\n<p><span style=\"font-family: verdana,geneva; font-size: 10pt;\">\u00a0<\/span><\/p>\n<p><span style=\"font-family: verdana,geneva; font-size: 10pt;\">La muestra permanecer\u00e1 abierta todos los d\u00edas, de 9:00 a 19:00 horas, hasta el pr\u00f3ximo 15 de abril y la entrada es libre.<\/span><\/p>\n<p><span style=\"font-family: verdana,geneva; font-size: 10pt;\">\u00a0<\/span><\/p>\n<p><span style=\"font-family: verdana,geneva; font-size: 10pt;\">En el Palacio de Bellas Artes se mantendr\u00e1 abierta al p\u00fablico la muestra Henri Cartier-Bresson. La mirada del siglo XX, una retrospectiva que integra el trabajo de uno de los fot\u00f3grafos m\u00e1s acuciosos y reconocidos de todos los tiempos.<\/span><\/p>\n<p><span style=\"font-family: verdana,geneva; font-size: 10pt;\">\u00a0<\/span><\/p>\n<p><span style=\"font-family: verdana,geneva; font-size: 10pt;\">Est\u00e1 conformada por 398 piezas, entre fotograf\u00edas, collages, pinturas, dibujos, pel\u00edculas, revistas y peri\u00f3dicos. La tem\u00e1tica gira en torno a tres momentos culminantes en la vida de este fot\u00f3grafo franc\u00e9s, considerado por muchos el padre del fotorreportaje, con la finalidad de mostrar la evoluci\u00f3n creativa de este prol\u00edfico artista.<\/span><\/p>\n<p><span style=\"font-family: verdana,geneva; font-size: 10pt;\">\u00a0<\/span><\/p>\n<p><span style=\"font-family: verdana,geneva; font-size: 10pt;\">Adem\u00e1s, el Palacio de Bellas Artes inform\u00f3 ayer que se cre\u00f3 junto con Spotify una lista de reproducci\u00f3n compuesta por 32 canciones que musicalizan la vida y obra del fot\u00f3grafo franc\u00e9s, sus viajes por Europa, M\u00e9xico, Estados Unidos y \u00c1frica.<\/span><\/p>\n<p><span style=\"font-family: verdana,geneva; font-size: 10pt;\">\u00a0<\/span><\/p>\n<p><span style=\"font-family: verdana,geneva; font-size: 10pt;\">El concepto curatorial a cargo del comunicador Ra\u00fal David V\u00e1zquez \u201cRulo\u201d, est\u00e1 basado en una investigaci\u00f3n musical que pretende reflejar el trabajo del artista en sus diferentes periodos de producci\u00f3n. As\u00ed, mediante el uso de aud\u00edfonos, el p\u00fablico podr\u00e1 enriquecer su experiencia muse\u00edstica.<\/span><\/p>\n<p><span style=\"font-family: verdana,geneva; font-size: 10pt;\">\u00a0<\/span><\/p>\n<p><span style=\"font-family: verdana,geneva; font-size: 10pt;\">\u201cChildren of theRevolution\u201d, de T. Rex; \u201cPassing me by\u201d, de ThePharcyde; \u201cBoyz\u201d, de M.I.A; \u201cWe are lookingfor a lot of love\u201d, de Hot Chip; \u201cI thinkI\u00b4m in love\u201d, de Spiritualized; y \u201cUravel\u201d, de Bj\u00f6rk, son algunas de las canciones seleccionadas especialmente para algunas de las piezas ic\u00f3nicas de la exposici\u00f3n.<\/span><\/p>\n<p><span style=\"font-family: verdana,geneva; font-size: 10pt;\">\u00a0<\/span><\/p>\n<p><span style=\"font-family: verdana,geneva; font-size: 10pt;\">Otro de los recintos que mantendr\u00e1 sus puertas abiertas es el Museo Universitario Arte Contempor\u00e1neo (MUAC), adem\u00e1s del 1 al 5 de abril el acceso ser\u00e1 libre y gratuito, y el p\u00fablico podr\u00e1 recorrer las exposiciones William Kentridge: Fortuna; Es posible porque es posible, de Raqs Media Collective; Ojo en rotaci\u00f3n: Sarah Minter, im\u00e1genes en movimiento 1981-2015; Con la provocaci\u00f3n de Juan Carlos Uviedo. Experimentos teatrales de un paria, y El derrumbe de la estatua: hacia una cr\u00edtica del arte p\u00fablico (1952-2014). Colecci\u00f3n MUAC y sus colecciones asociadas.<\/span><\/p>\n<p><span style=\"font-family: verdana,geneva; font-size: 10pt;\">\u00a0<\/span><\/p>\n<p><span style=\"font-family: verdana,geneva; font-size: 10pt;\">El Museo Nacional de Arte, Museo Nacional de la Estampa y el Museo Mural Diego Rivera permanecer\u00e1n abiertos durante toda la semana, incluidos Jueves y Viernes Santos.<\/span><\/p>\n<p><span style=\"font-family: verdana,geneva; font-size: 10pt;\">\u00a0<\/span><\/p>\n<p><span style=\"font-family: verdana,geneva; font-size: 10pt;\">Asimismo, el Nacional de Antropolog\u00eda, de El Carmen y Nacional de las Intervenciones estar\u00e1n abiertos en su horario habitual, de 9:00 a 17:00 horas; as\u00ed como el Nacional de Historia, Castillo de Chapultepec, donde actualmente se presenta la exposici\u00f3n Hilos de historia, en la que por primera vez se exhiben vestidos con cerca de 250 a\u00f1os de antig\u00fcedad, casacas militares o prendas usadas durante los a\u00f1os 60 del siglo pasado en M\u00e9xico.<\/span><\/p>\n<p><span style=\"font-family: verdana,geneva; font-size: 10pt;\">\u00a0<\/span><\/p>\n<p><span style=\"font-family: verdana,geneva; font-size: 10pt;\">Oferta esc\u00e9nica<\/span><\/p>\n<p><span style=\"font-family: verdana,geneva; font-size: 10pt;\">\u00a0<\/span><\/p>\n<p><span style=\"font-family: verdana,geneva; font-size: 10pt;\">El teatro tambi\u00e9n ser\u00e1 una opci\u00f3n para estas vacaciones. La obra Sin paraca\u00eddas, que suspender\u00e1 funciones el jueves 2 y el viernes 3 de abril, continuar\u00e1 con su temporada regular el s\u00e1bado 4 a las 19:00 horas y el domingo 5 a las 18:00 en el Teatro El Gale\u00f3n, del Centro Cultural del Bosque. La obra, escrita y dirigida por Gabriela Ochoa, narra la historia de una mujer que, sumergida en su tina de ba\u00f1o, descubre con sobresalto que se ha convertido en reptil.<\/span><\/p>\n<p><span style=\"font-family: verdana,geneva; font-size: 10pt;\">\u00a0<\/span><\/p>\n<p><span style=\"font-family: verdana,geneva; font-size: 10pt;\">Demasiadas cortas las piernas, puesta en escena que se presenta en el Teatro El Granero, del Centro Cultural del Bosque, suspender\u00e1 sus funciones el jueves 2 y el viernes 3, y continuar\u00e1 con su temporada normal el s\u00e1bado 4 a las 19:00 horas y el domingo 5 a las 18:00 horas.<\/span><\/p>\n<p><span style=\"font-family: verdana,geneva; font-size: 10pt;\">\u00a0<\/span><\/p>\n<p><span style=\"font-family: verdana,geneva; font-size: 10pt;\">Por otra parte, Karamazov mantiene presentaciones normales el s\u00e1bado 4 a las 19:00 horas y el domingo 5 a las 18:00 en el Teatro Legaria.<\/span><\/p>\n<p><span style=\"font-family: verdana,geneva; font-size: 10pt;\">\u00a0<\/span><\/p>\n<p><span style=\"font-family: verdana,geneva; font-size: 10pt;\">Mientras que como parte del Festival Centro Hist\u00f3rico M\u00e9xico hoy se presentar\u00e1 en el Palacio de Bellas Artes, a las 17:00 horas, el Recital de Melod\u00eda, con el tenor Ram\u00f3n Vargas, acompa\u00f1ado del pianista MziaBakhtoridze. El jueves se ofrecer\u00e1 el espect\u00e1culo \u201cDesde Cuba, los rumberos de nacimiento\u201d, en el Teatro de la Ciudad a las 20: 30 horas, a cargo de Afrocuba de Matanzas, una agrupaci\u00f3n con m\u00e1s de 50 a\u00f1os de trayectoria que ofrece sus tradicionales interpretaciones de la m\u00fasica de santer\u00eda y otras religiones afrocubanas.<\/span><\/p>\n<p><span style=\"font-family: verdana,geneva; font-size: 10pt;\">\u00a0<\/span><\/p>\n<p><span style=\"font-family: verdana,geneva; font-size: 10pt;\">En el Anfiteatro Sim\u00f3n Bol\u00edvar a las 20:00 horas los m\u00fasicos PhilipeQuint, Shari Mason, Vicki Powell, AniAznavoorian y AlonGoldstein interpretar\u00e1n La Romanza para viol\u00edn, violonchelo y piano de Moncayo, una obra musical cuyo estreno se realiz\u00f3 en 1936; as\u00ed como otros conciertos que se llevar\u00e1n a cabo en el Palacio de la Escuela de Medicina y el Anfiteatro Sim\u00f3n Bol\u00edvar. La cartelera completa esta disponible en la p\u00e1gina web: www.festival.org.mx<\/span><\/p>\n<p><span style=\"font-family: verdana,geneva; font-size: 10pt;\">\u00a0<\/span><\/p>\n<p><span style=\"font-family: verdana,geneva; font-size: 10pt;\">Adem\u00e1s en el Auditorio Nacional se desarrolla el Gran Remate de Libros de las 11:00 a las 19:00 horas, con excepci\u00f3n del s\u00e1bado 4 que tiene programada una venta nocturna que se prolongar\u00e1 hasta las 23:00 horas.<\/span><\/p>\n<p><span style=\"font-family: verdana,geneva; font-size: 10pt;\">\u00a0<\/span><\/p>\n<p><span style=\"font-family: verdana,geneva; font-size: 10pt;\">En el Remate de Libros se ofrecen descuentos de hasta 70% o m\u00e1s y una amplia oferta editorial que abarca publicaciones con temas desde literatura hasta otros especializados. Todo esto se complementa con actividades art\u00edsticas y de fomento a la lectura.<\/span><\/p>\n<p><span style=\"font-family: verdana,geneva; font-size: 10pt;\">\u00a0<\/span><\/p>\n","protected":false},"excerpt":{"rendered":"<p>Semana Santa, que abarca danza, \u00f3pera, artes visuales y m\u00fasica. Adem\u00e1s, por primera vez, el Festival Centro Hist\u00f3rico M\u00e9xico presenta su programaci\u00f3n durante estos d\u00edas con funciones en sus distintas sedes, como el Teatro de la Ciudad.<\/p>\n","protected":false},"author":93,"featured_media":0,"comment_status":"open","ping_status":"open","sticky":false,"template":"","format":"standard","meta":{"footnotes":""},"categories":[41],"tags":[],"class_list":["post-3234","post","type-post","status-publish","format-standard","hentry","category-arteria-cultural"],"_links":{"self":[{"href":"https:\/\/plazajuarez.mx\/historico\/wp-json\/wp\/v2\/posts\/3234","targetHints":{"allow":["GET"]}}],"collection":[{"href":"https:\/\/plazajuarez.mx\/historico\/wp-json\/wp\/v2\/posts"}],"about":[{"href":"https:\/\/plazajuarez.mx\/historico\/wp-json\/wp\/v2\/types\/post"}],"author":[{"embeddable":true,"href":"https:\/\/plazajuarez.mx\/historico\/wp-json\/wp\/v2\/users\/93"}],"replies":[{"embeddable":true,"href":"https:\/\/plazajuarez.mx\/historico\/wp-json\/wp\/v2\/comments?post=3234"}],"version-history":[{"count":0,"href":"https:\/\/plazajuarez.mx\/historico\/wp-json\/wp\/v2\/posts\/3234\/revisions"}],"wp:attachment":[{"href":"https:\/\/plazajuarez.mx\/historico\/wp-json\/wp\/v2\/media?parent=3234"}],"wp:term":[{"taxonomy":"category","embeddable":true,"href":"https:\/\/plazajuarez.mx\/historico\/wp-json\/wp\/v2\/categories?post=3234"},{"taxonomy":"post_tag","embeddable":true,"href":"https:\/\/plazajuarez.mx\/historico\/wp-json\/wp\/v2\/tags?post=3234"}],"curies":[{"name":"wp","href":"https:\/\/api.w.org\/{rel}","templated":true}]}}