{"id":3232,"date":"2015-04-04T06:00:00","date_gmt":"2015-04-04T06:00:00","guid":{"rendered":"http:\/\/plazajuarez.mx\/index\/index.php\/2015\/04\/04\/lidia-mejia-neri-como-nueva-titular-de-la-jefatura-de-recursos-humanos\/"},"modified":"2015-04-04T06:00:00","modified_gmt":"2015-04-04T06:00:00","slug":"lidia-mejia-neri-como-nueva-titular-de-la-jefatura-de-recursos-humanos","status":"publish","type":"post","link":"https:\/\/plazajuarez.mx\/historico\/lidia-mejia-neri-como-nueva-titular-de-la-jefatura-de-recursos-humanos\/","title":{"rendered":"Lidia Mej\u00eda Neri como nueva titular de la Jefatura de Recursos Humanos"},"content":{"rendered":"<p><span style=\"font-family: verdana,geneva; font-size: 10pt;\"><strong>Tulancingo<\/strong><\/span><\/p>\n<p><span style=\"font-family: verdana,geneva; font-size: 10pt;\">Por designaci\u00f3n del Alcalde, Julio Soto, Lidia Mej\u00eda Neri asumi\u00f3, a partir del 24 de Marzo, la titularidad de la Jefatura de Recursos Humanos.<\/span><\/p>\n<p>  <!--more-->  <\/p>\n<p>\u00a0<\/p>\n<p><span style=\"font-family: verdana,geneva; font-size: 10pt;\">Mej\u00eda Neri cuenta con una vasta experiencia en el rubro de recurso humano y se ha desempe\u00f1ado en actividades de auditor\u00eda para el Instituto Mexicano del Seguro Social, pero tambi\u00e9n ha ofrecido asesor\u00eda a empresas en lo relacionado a personal.<\/span><\/p>\n<p><span style=\"font-family: verdana,geneva; font-size: 10pt;\">Es originaria de Tulancingo, egresada de la Universidad de la Sierra y en su plan de trabajo se encuentra dar continuidad a las actividades de la Jefatura de Recursos Humanos, vinculadas a control de personal, elaboraci\u00f3n de n\u00f3mina, movimiento de altas y bajas, registro de entradas y salidas en jornada laboral, notificaci\u00f3n de prestaciones para personal de base como de confianza as\u00ed como control de prestadores de servicio social y pr\u00e1cticas profesionales, por citar parte.<\/span><\/p>\n<p><span style=\"font-family: verdana,geneva; font-size: 10pt;\">Cabe mencionar que esta direcci\u00f3n tiene un objetivo importante dentro de la administraci\u00f3n municipal; de ah\u00ed que fuera designada como nueva titular a una Licenciada en Contadur\u00eda con experiencia y perfil.<\/span><\/p>\n<p><span style=\"font-family: verdana,geneva; font-size: 10pt;\">En las \u00faltimas carteras que ha ocupado la licenciada Lidia Mej\u00eda est\u00e1 la elaboraci\u00f3n de dict\u00e1menes para el Seguro Social, as\u00ed como elaboraci\u00f3n y timbrado de n\u00f3minas para empresas privadas.<\/span><\/p>\n<p><span style=\"font-family: verdana,geneva; font-size: 10pt;\">Ante la proximidad de una nueva quincena, la Direcci\u00f3n de Recursos Humanos da seguimiento a los movimientos de altas y bajas as\u00ed como elaboraci\u00f3n nominal, a efectos de que el personal realice el cobro de su salario oportunamente.<\/span><\/p>\n<p><span style=\"font-family: verdana,geneva; font-size: 10pt;\">As\u00ed tambi\u00e9n, le correspondi\u00f3 por el periodo vacacional de Semana Santa la definici\u00f3n de los d\u00edas de asueto y las dependencias que tendr\u00edan guardias para el servicio ciudadano.<\/span><\/p>\n<p><span style=\"font-family: verdana,geneva; font-size: 10pt;\">Por d\u00eda, la Jefatura de Recursos Humanos atiende una significativa cantidad de servicios vinculados al personal; entre ellos incapacidades, justificaciones por ausencia, retardos, cambios de \u00e1reas y vacaciones.<\/span><\/p>\n<p><span style=\"font-family: verdana,geneva; font-size: 10pt;\">\u00a0<\/span><\/p>\n","protected":false},"excerpt":{"rendered":"<p>Tulancingo Por designaci\u00f3n del Alcalde, Julio Soto, Lidia Mej\u00eda Neri asumi\u00f3, a partir del 24 de Marzo, la titularidad de la Jefatura de Recursos Humanos.<\/p>\n","protected":false},"author":93,"featured_media":0,"comment_status":"open","ping_status":"open","sticky":false,"template":"","format":"standard","meta":{"footnotes":""},"categories":[40],"tags":[],"class_list":["post-3232","post","type-post","status-publish","format-standard","hentry","category-region"],"_links":{"self":[{"href":"https:\/\/plazajuarez.mx\/historico\/wp-json\/wp\/v2\/posts\/3232","targetHints":{"allow":["GET"]}}],"collection":[{"href":"https:\/\/plazajuarez.mx\/historico\/wp-json\/wp\/v2\/posts"}],"about":[{"href":"https:\/\/plazajuarez.mx\/historico\/wp-json\/wp\/v2\/types\/post"}],"author":[{"embeddable":true,"href":"https:\/\/plazajuarez.mx\/historico\/wp-json\/wp\/v2\/users\/93"}],"replies":[{"embeddable":true,"href":"https:\/\/plazajuarez.mx\/historico\/wp-json\/wp\/v2\/comments?post=3232"}],"version-history":[{"count":0,"href":"https:\/\/plazajuarez.mx\/historico\/wp-json\/wp\/v2\/posts\/3232\/revisions"}],"wp:attachment":[{"href":"https:\/\/plazajuarez.mx\/historico\/wp-json\/wp\/v2\/media?parent=3232"}],"wp:term":[{"taxonomy":"category","embeddable":true,"href":"https:\/\/plazajuarez.mx\/historico\/wp-json\/wp\/v2\/categories?post=3232"},{"taxonomy":"post_tag","embeddable":true,"href":"https:\/\/plazajuarez.mx\/historico\/wp-json\/wp\/v2\/tags?post=3232"}],"curies":[{"name":"wp","href":"https:\/\/api.w.org\/{rel}","templated":true}]}}