{"id":32300,"date":"2016-11-24T15:32:47","date_gmt":"2016-11-24T15:32:47","guid":{"rendered":"http:\/\/plazajuarez.mx\/index\/index.php\/2016\/11\/24\/no-se-ha-designado-a-nadie-para-contactar-a-trump\/"},"modified":"2016-11-24T15:32:47","modified_gmt":"2016-11-24T15:32:47","slug":"no-se-ha-designado-a-nadie-para-contactar-a-trump","status":"publish","type":"post","link":"https:\/\/plazajuarez.mx\/historico\/no-se-ha-designado-a-nadie-para-contactar-a-trump\/","title":{"rendered":"No se ha designado a nadie para contactar a Trump"},"content":{"rendered":"<p>Bah\u00eda de San Carlos, Sonora.- El gobierno de la Rep\u00fablica no ha designado a nadie para entrar en contacto con el equipo de Donald Trump, asegur\u00f3 el presidente Enrique Pe\u00f1a Nieto.<\/p>\n<p>  <!--more-->  <\/p>\n<p>\u201cNo hay una designaci\u00f3n absolutamente de nadie para asumir estas tareas de representaci\u00f3n del gobierno. Estamos claros que hoy est\u00e1 integr\u00e1ndose el nuevo gobierno de EU, est\u00e1 en proceso de transici\u00f3n; una vez definido \u00e9ste, el gobierno de M\u00e9xico y sus instituciones entablar\u00e1n relaci\u00f3n\u201d.<br \/>Entrevistado en el marco de la celebraci\u00f3n por el D\u00eda de la Armada, Pe\u00f1a pidi\u00f3 no caer en especulaciones ni en supuestos rumores que se han venido recogiendo en algunos medios. \u201cNo hay tal, no se ha designado absolutamente a nadie para este tema\u201d, insisti\u00f3.<\/p>\n<p>Dijo que la relaci\u00f3n ser\u00e1 directa de gobierno a gobierno una vez que la nueva administraci\u00f3n de la Casa Blanca asuma su responsabilidad el 20 de enero.<\/p>\n","protected":false},"excerpt":{"rendered":"<p>Bah\u00eda de San Carlos, Sonora.- El gobierno de la Rep\u00fablica no ha designado a nadie para entrar en contacto con el equipo de Donald Trump, asegur\u00f3 el presidente Enrique Pe\u00f1a Nieto.<\/p>\n","protected":false},"author":93,"featured_media":0,"comment_status":"open","ping_status":"open","sticky":false,"template":"","format":"standard","meta":{"footnotes":""},"categories":[36],"tags":[],"class_list":["post-32300","post","type-post","status-publish","format-standard","hentry","category-nacion"],"_links":{"self":[{"href":"https:\/\/plazajuarez.mx\/historico\/wp-json\/wp\/v2\/posts\/32300","targetHints":{"allow":["GET"]}}],"collection":[{"href":"https:\/\/plazajuarez.mx\/historico\/wp-json\/wp\/v2\/posts"}],"about":[{"href":"https:\/\/plazajuarez.mx\/historico\/wp-json\/wp\/v2\/types\/post"}],"author":[{"embeddable":true,"href":"https:\/\/plazajuarez.mx\/historico\/wp-json\/wp\/v2\/users\/93"}],"replies":[{"embeddable":true,"href":"https:\/\/plazajuarez.mx\/historico\/wp-json\/wp\/v2\/comments?post=32300"}],"version-history":[{"count":0,"href":"https:\/\/plazajuarez.mx\/historico\/wp-json\/wp\/v2\/posts\/32300\/revisions"}],"wp:attachment":[{"href":"https:\/\/plazajuarez.mx\/historico\/wp-json\/wp\/v2\/media?parent=32300"}],"wp:term":[{"taxonomy":"category","embeddable":true,"href":"https:\/\/plazajuarez.mx\/historico\/wp-json\/wp\/v2\/categories?post=32300"},{"taxonomy":"post_tag","embeddable":true,"href":"https:\/\/plazajuarez.mx\/historico\/wp-json\/wp\/v2\/tags?post=32300"}],"curies":[{"name":"wp","href":"https:\/\/api.w.org\/{rel}","templated":true}]}}