{"id":32299,"date":"2016-11-24T15:32:21","date_gmt":"2016-11-24T15:32:21","guid":{"rendered":"http:\/\/plazajuarez.mx\/index\/index.php\/2016\/11\/24\/en-mexico-1-de-cada-2-ninos-es-pobre\/"},"modified":"2016-11-24T15:32:21","modified_gmt":"2016-11-24T15:32:21","slug":"en-mexico-1-de-cada-2-ninos-es-pobre","status":"publish","type":"post","link":"https:\/\/plazajuarez.mx\/historico\/en-mexico-1-de-cada-2-ninos-es-pobre\/","title":{"rendered":"En M\u00e9xico, 1 de cada 2 ni\u00f1os es pobre"},"content":{"rendered":"<p>Autoridades, representantes de organizaciones y l\u00edderes de opini\u00f3n afirman que el gran \u201ctal\u00f3n de Aquiles\u201d se encuentra en mejorar el ingreso de las familias, misma situaci\u00f3n que debe ser propiciada gracias a la mejora en los derechos sociales b\u00e1sicos, como la educaci\u00f3n.<\/p>\n<p>  <!--more-->  <\/p>\n<p>Impulsar cambios sociales orientados al desarrollo, permitir\u00eda romper gradualmente con el patr\u00f3n de los bajos ingresos en muchos de estos hogares y poder cubrir as\u00ed sus necesidades b\u00e1sicas.<br \/>En M\u00e9xico, seg\u00fan datos de Unicef en 2016, uno de cada dos ni\u00f1os y adolescentes es pobre; en total m\u00e1s de 21.4 millones de ni\u00f1os entre 0 y 17 a\u00f1os viven en situaci\u00f3n vulnerable. La educaci\u00f3n es una respuesta para el futuro de estas generaciones<br \/>La pobreza y la vulnerabilidad se adue\u00f1an del panorama de millones de ni\u00f1os y adolescentes en nuestro pa\u00eds. Particularmente en nuestro estado, San Luis Potos\u00ed, se registran tambi\u00e9n altos \u00edndices de pobreza sobre todo en la zona de la Huasteca, donde muchos de sus habitantes viven en situaci\u00f3n de pobreza extrema.<br \/>Cada a\u00f1o, instituciones como Coneval (Consejo Nacional de Evaluaci\u00f3n de la Pol\u00edtica Social) y Unicef, centran sus estudios en conocer las estad\u00edsticas de la calidad de vida de ni\u00f1os y adolescentes en M\u00e9xico, ya que esta tendencia marcar\u00e1 sin duda la situaci\u00f3n de millones de familias en un futuro pr\u00f3ximo. Lamentablemente, desde 2008 la tendencia del \u00edndice de pobreza no tiene grandes cambios positivos, solo se observan leves variaciones en las cifras de pobreza extrema.<br \/>La situaci\u00f3n adem\u00e1s se agudiza en la poblaci\u00f3n ind\u00edgena infantil, donde cerca de un 90.8% de ni\u00f1os y adolescentes que hablan lengua ind\u00edgena se encuentran en situaci\u00f3n de pobreza.<\/p>\n","protected":false},"excerpt":{"rendered":"<p>Autoridades, representantes de organizaciones y l\u00edderes de opini\u00f3n afirman que el gran \u201ctal\u00f3n de Aquiles\u201d se encuentra en mejorar el ingreso de las familias, misma situaci\u00f3n que debe ser propiciada gracias a la mejora en los derechos sociales b\u00e1sicos, como la educaci\u00f3n.<\/p>\n","protected":false},"author":93,"featured_media":0,"comment_status":"open","ping_status":"open","sticky":false,"template":"","format":"standard","meta":{"footnotes":""},"categories":[36],"tags":[],"class_list":["post-32299","post","type-post","status-publish","format-standard","hentry","category-nacion"],"_links":{"self":[{"href":"https:\/\/plazajuarez.mx\/historico\/wp-json\/wp\/v2\/posts\/32299","targetHints":{"allow":["GET"]}}],"collection":[{"href":"https:\/\/plazajuarez.mx\/historico\/wp-json\/wp\/v2\/posts"}],"about":[{"href":"https:\/\/plazajuarez.mx\/historico\/wp-json\/wp\/v2\/types\/post"}],"author":[{"embeddable":true,"href":"https:\/\/plazajuarez.mx\/historico\/wp-json\/wp\/v2\/users\/93"}],"replies":[{"embeddable":true,"href":"https:\/\/plazajuarez.mx\/historico\/wp-json\/wp\/v2\/comments?post=32299"}],"version-history":[{"count":0,"href":"https:\/\/plazajuarez.mx\/historico\/wp-json\/wp\/v2\/posts\/32299\/revisions"}],"wp:attachment":[{"href":"https:\/\/plazajuarez.mx\/historico\/wp-json\/wp\/v2\/media?parent=32299"}],"wp:term":[{"taxonomy":"category","embeddable":true,"href":"https:\/\/plazajuarez.mx\/historico\/wp-json\/wp\/v2\/categories?post=32299"},{"taxonomy":"post_tag","embeddable":true,"href":"https:\/\/plazajuarez.mx\/historico\/wp-json\/wp\/v2\/tags?post=32299"}],"curies":[{"name":"wp","href":"https:\/\/api.w.org\/{rel}","templated":true}]}}