{"id":32296,"date":"2016-11-24T15:29:08","date_gmt":"2016-11-24T15:29:08","guid":{"rendered":"http:\/\/plazajuarez.mx\/index\/index.php\/2016\/11\/24\/subastan-poema-de-ana-frank-por-148-mil-dolares\/"},"modified":"2016-11-24T15:29:08","modified_gmt":"2016-11-24T15:29:08","slug":"subastan-poema-de-ana-frank-por-148-mil-dolares","status":"publish","type":"post","link":"https:\/\/plazajuarez.mx\/historico\/subastan-poema-de-ana-frank-por-148-mil-dolares\/","title":{"rendered":"Subastan poema de Ana Frank por 148 mil d\u00f3lares"},"content":{"rendered":"<p>El poema fue redactado en neerland\u00e9s el 28 de marzo de 1942 en un cuaderno personal de la joven jud\u00eda<\/p>\n<p>  <!--more-->  <\/p>\n<p>Un poema de Ana Frank escrito meses antes de que la joven jud\u00eda y su familia se ocultar\u00e1n en Amsterdam para escapar de los nazis fue vendido por 148 mil d\u00f3lares en una subasta celebrada en Haarlem (noroeste de Holanda).<br \/>La casa de subastas Bubb Kuyper, especializada en la venta de libros, manuscritos, mapas e ilustraciones, estableci\u00f3 un precio de salida de 31 mil 800 d\u00f3lares, muy inferior al que finalmente pag\u00f3 un comprador desconocido, seg\u00fan precis\u00f3 la radiotelevisi\u00f3n p\u00fablica NOS.<br \/>Redactado en neerland\u00e9s el 28 de marzo de 1942 en un cuaderno personal, los versos est\u00e1n dedicados a la hermana mayor de su mejor amiga Jacqueline, Christiane van Maarsen, apodada &#8220;Cri Cri&#8221;.<br \/>De hecho, el texto se hab\u00eda conservado en la colecci\u00f3n de poemas de van Maarsen, fallecida en 2006.<br \/>El escrito contiene ocho versos y los cuatro primeros fueron copiados de un texto publicado en la revista &#8220;Het Ros Beiaard&#8221; (El carill\u00f3n rojo), en el n\u00famero del 10 de abril de 1938.<br \/>La propia Frank escribi\u00f3 las cuatro \u00faltimas l\u00edneas cuando ten\u00eda doce a\u00f1os, seg\u00fan el diario Algemeen Dagblad.<br \/>El codirector de Bubb Kuyper, Thys Blankevoort, declar\u00f3 al peri\u00f3dico De Volkskrant que las obras literarias de Ana Frank son escasas y a\u00f1adi\u00f3 que, desde la muerte de la joven en 1945, solo se han vendido &#8220;cuatro o cinco&#8221; manuscritos.<br \/>Entre junio de 1942 y agosto de 1944, Ana Frank permaneci\u00f3 escondida junto a su familia en los bajos de una vivienda en Amsterdam, hasta que fue denunciada y trasladada al campo de concentraci\u00f3n de Bergen-Belsen, donde morir\u00eda de tifus a principios de 1945.<br \/>Durante su encierro en la capital de Holanda escribi\u00f3 el c\u00e9lebre &#8220;Diario de Ana Frank&#8221;, en el que narraba su historia como adolescente y los dos a\u00f1os en que permaneci\u00f3 oculta.<\/p>\n","protected":false},"excerpt":{"rendered":"<p>El poema fue redactado en neerland\u00e9s el 28 de marzo de 1942 en un cuaderno personal de la joven jud\u00eda<\/p>\n","protected":false},"author":93,"featured_media":0,"comment_status":"open","ping_status":"open","sticky":false,"template":"","format":"standard","meta":{"footnotes":""},"categories":[41],"tags":[],"class_list":["post-32296","post","type-post","status-publish","format-standard","hentry","category-arteria-cultural"],"_links":{"self":[{"href":"https:\/\/plazajuarez.mx\/historico\/wp-json\/wp\/v2\/posts\/32296","targetHints":{"allow":["GET"]}}],"collection":[{"href":"https:\/\/plazajuarez.mx\/historico\/wp-json\/wp\/v2\/posts"}],"about":[{"href":"https:\/\/plazajuarez.mx\/historico\/wp-json\/wp\/v2\/types\/post"}],"author":[{"embeddable":true,"href":"https:\/\/plazajuarez.mx\/historico\/wp-json\/wp\/v2\/users\/93"}],"replies":[{"embeddable":true,"href":"https:\/\/plazajuarez.mx\/historico\/wp-json\/wp\/v2\/comments?post=32296"}],"version-history":[{"count":0,"href":"https:\/\/plazajuarez.mx\/historico\/wp-json\/wp\/v2\/posts\/32296\/revisions"}],"wp:attachment":[{"href":"https:\/\/plazajuarez.mx\/historico\/wp-json\/wp\/v2\/media?parent=32296"}],"wp:term":[{"taxonomy":"category","embeddable":true,"href":"https:\/\/plazajuarez.mx\/historico\/wp-json\/wp\/v2\/categories?post=32296"},{"taxonomy":"post_tag","embeddable":true,"href":"https:\/\/plazajuarez.mx\/historico\/wp-json\/wp\/v2\/tags?post=32296"}],"curies":[{"name":"wp","href":"https:\/\/api.w.org\/{rel}","templated":true}]}}