{"id":32295,"date":"2016-11-24T15:28:44","date_gmt":"2016-11-24T15:28:44","guid":{"rendered":"http:\/\/plazajuarez.mx\/index\/index.php\/2016\/11\/24\/murio-jesus-ramos-frias-artista-potosino\/"},"modified":"2016-11-24T15:28:44","modified_gmt":"2016-11-24T15:28:44","slug":"murio-jesus-ramos-frias-artista-potosino","status":"publish","type":"post","link":"https:\/\/plazajuarez.mx\/historico\/murio-jesus-ramos-frias-artista-potosino\/","title":{"rendered":"Muri\u00f3 Jes\u00fas Ramos Fr\u00edas, artista potosino"},"content":{"rendered":"<p>Hoy la cultura, el arte, la pl\u00e1stica llora ante la noticia, de que \u201cChuy Ramos Muri\u00f3\u201d.<\/p>\n<p>  <!--more-->  <\/p>\n<p>La voz del secretario de Cultura, Armando Herrera Silva, fue de las primeras en expresar el sentimiento ante la p\u00e9rdida: \u201cCon profunda pena me entero de la muerte de Jes\u00fas Ramos Fr\u00edas. Gran amigo, pero sobretodo, un artista imprescindible de la pl\u00e1stica potosina. Un abrazo a Pilar, Gerardo y a toda su familia.\u201d<br \/>De \u00e9l Salvador G\u00f3mez Eichelmann escribi\u00f3 en el pr\u00f3logo de \u201cM\u00cdSTICA Y M\u00c1GIA b\u00fasqueda y reencuentro\u201d: \u201cJes\u00fas Ramos ejemplifica un pintor jovial, inquieto y l\u00fadico que esboza irreverencias ante los esquemas formales y color\u00edsticos de las convencionales proposiciones pl\u00e1sticas. Su exploraci\u00f3n rebelde imprime un m\u00f3vil de b\u00fasqueda en sus producciones que parecen anticipaci\u00f3n de algo logrado no accesible, de un anhelo humano frustrado de absoluto\u201d.<br \/>Premios y menciones honor\u00edficas recibi\u00f3 Jes\u00fas Ramos en diversas ocasiones por su obra, como el premio estatal \u201c20 de Noviembre\u201d en Artes Pl\u00e1sticas; las menciones honor\u00edficas en la \u201cII Bienal Pedro Coronel\u201d en Zacatecas; en la \u201cBienal Nacional de Grabado Jos\u00e9 Guadalupe Posada\u201d, en Aguascalientes, entre otros. En el a\u00f1o de 2008 ingresa al Sistema Nacional de Creadores. Maestro de Artes Pl\u00e1sticas en el Centro de las Artes.<br \/>Sus exposiciones individuales recorrieron diversas galer\u00edas de nuestro pa\u00eds, pero tambi\u00e9n su muestra fue admirada en diversas ciudades de pa\u00edses como Francia, Marruecos, Espa\u00f1a y Estados Unidos.<br \/>Su pensamiento cr\u00edtico, su creatividad y su b\u00fasqueda permanente dentro del\u00a0 arte quedan plasmados en su obra, San Luis Potos\u00ed y M\u00e9xico pierden a uno de sus claros exponentes de su pl\u00e1stica.<\/p>\n","protected":false},"excerpt":{"rendered":"<p>Hoy la cultura, el arte, la pl\u00e1stica llora ante la noticia, de que \u201cChuy Ramos Muri\u00f3\u201d.<\/p>\n","protected":false},"author":93,"featured_media":0,"comment_status":"open","ping_status":"open","sticky":false,"template":"","format":"standard","meta":{"footnotes":""},"categories":[41],"tags":[],"class_list":["post-32295","post","type-post","status-publish","format-standard","hentry","category-arteria-cultural"],"_links":{"self":[{"href":"https:\/\/plazajuarez.mx\/historico\/wp-json\/wp\/v2\/posts\/32295","targetHints":{"allow":["GET"]}}],"collection":[{"href":"https:\/\/plazajuarez.mx\/historico\/wp-json\/wp\/v2\/posts"}],"about":[{"href":"https:\/\/plazajuarez.mx\/historico\/wp-json\/wp\/v2\/types\/post"}],"author":[{"embeddable":true,"href":"https:\/\/plazajuarez.mx\/historico\/wp-json\/wp\/v2\/users\/93"}],"replies":[{"embeddable":true,"href":"https:\/\/plazajuarez.mx\/historico\/wp-json\/wp\/v2\/comments?post=32295"}],"version-history":[{"count":0,"href":"https:\/\/plazajuarez.mx\/historico\/wp-json\/wp\/v2\/posts\/32295\/revisions"}],"wp:attachment":[{"href":"https:\/\/plazajuarez.mx\/historico\/wp-json\/wp\/v2\/media?parent=32295"}],"wp:term":[{"taxonomy":"category","embeddable":true,"href":"https:\/\/plazajuarez.mx\/historico\/wp-json\/wp\/v2\/categories?post=32295"},{"taxonomy":"post_tag","embeddable":true,"href":"https:\/\/plazajuarez.mx\/historico\/wp-json\/wp\/v2\/tags?post=32295"}],"curies":[{"name":"wp","href":"https:\/\/api.w.org\/{rel}","templated":true}]}}