{"id":3210,"date":"2015-04-03T06:00:00","date_gmt":"2015-04-03T06:00:00","guid":{"rendered":"http:\/\/plazajuarez.mx\/index\/index.php\/2015\/04\/03\/retorica-cual-reduccion-de-las-tarifas-electricas-2\/"},"modified":"2015-04-03T06:00:00","modified_gmt":"2015-04-03T06:00:00","slug":"retorica-cual-reduccion-de-las-tarifas-electricas-2","status":"publish","type":"post","link":"https:\/\/plazajuarez.mx\/historico\/retorica-cual-reduccion-de-las-tarifas-electricas-2\/","title":{"rendered":"Ret\u00f3rica: \u00bfCu\u00e1l reducci\u00f3n de las tarifas el\u00e9ctricas?"},"content":{"rendered":"<p>Desde que inici\u00f3 este a\u00f1o la propaganda del gobierno federal se centra en el ben\u00e9fico que est\u00e1n recibiendo los hogares con la reforma energ\u00e9tica, centrada en la reducci\u00f3n de las tarifas el\u00e9ctricas. Para quienes hemos sido victimas de la corrupci\u00f3n imperante dentro de la extinta Luz y Fuerza del Centro (LYFC) y ahora de la Comisi\u00f3n Federal de Electricidad (CFE), la publicidad sobre la reducci\u00f3n de las tarifas el\u00e9ctricas no pueden hacer otra cosa que provocar ira y rechazo a una pol\u00edtica sobre la venta de energ\u00eda el\u00e9ctrica a los hogares mal llevada. En particular, porque se basa sobre el supuesto de la ignorancia de la mayor\u00eda de los ciudadanos y ofende la inteligencia del pueblo.<\/p>\n<p>  <!--more-->  <\/p>\n<p>\u00a0<\/p>\n<p>\u00a0<\/p>\n<p>El 1 de enero de este a\u00f1o se public\u00f3 en el Diario Oficial de la Federaci\u00f3n (DOF), el Acuerdos (Acuerdo 015\/2014 ) que autorizan o modifican tarifas el\u00e9ctricas y \u201cse establecen las tarifas finales de energ\u00eda el\u00e9ctrica del suministro b\u00e1sico a usuarios dom\u00e9sticos\u201d.En \u00e9l se dice que \u201cEsta tarifa se aplicar\u00e1 a todos los servicios que destinen la energ\u00eda para uso exclusivamente dom\u00e9stico, para cargas que no sean consideradas de alto consumo de acuerdo a lo establecido en la Tarifa DAC, conectadas individualmente a cada residencia, apartamento, apartamento en condominio o vivienda\u201d, de acuerdo a lo publicado.<\/p>\n<p>\u00a0<\/p>\n<p>La Tarifa Dom\u00e9stica de Alto Consumo (DAC), es la tarifa que aplica la CFE cuando \u201cel consumo bimestral promedio registrado en los \u00faltimos 12 meses es superior\u201d a 500 kWh\/bimestre. Lo que implica que una vez que un hogar entra a esta tarifa se ver\u00e1 obligado a pagar por la energ\u00eda el\u00e9ctrica su costo sin ning\u00fan subsidio del gobierno.<\/p>\n<p>\u00a0<\/p>\n<p>Las tarifas mensuales establecidas son $0.809, por cada uno de los primeros 75 kilowatts-hora, en la tarifa b\u00e1sica; por el consumo intermedio $0.976, por cada uno de los siguientes 65 kilowatts-hora y por el consumo excedente $2.859, por cada kilowatt-hora adicional a los anteriores. Se supone que en la temporada de verano, las tarifas anteriores deber\u00e1n ser de $0.711por cada uno de los primeros 100 kilowatts-hora, dentro de la tarifa b\u00e1sica; por el consumo intermedio se deber\u00e1 pagar $0.839 por cada uno de los siguientes 50 kilowatts-hora y por el consumo excedente $2.859, por cada kilowatt-hora adicional a los anteriores.<\/p>\n<p>\u00a0<\/p>\n<p>Cuando uno analiza la evoluci\u00f3n de las tarifas en los a\u00f1os que lleva este gobierno, se observa que las aplicadas en enero-marzo de 2013 fueron de 0.761 la tarifa b\u00e1sica, 0.934 la tarifa intermedia y \u00a02.718 para el consumo excedente. S\u00ed las comparamos con las cobradas en enero-marzo de este a\u00f1o, de 0.809 la tarifa b\u00e1sica, de 0.976 la tarifa intermedia y de 2.859 la tarifa excedentaria, observamos un incremento de 6.31% en la b\u00e1sica, de 4.50 en la intermedia y de 5.19 en la excedentaria. Solo en 2014, esas mismas tarifas se incrementaron en 1.76% la b\u00e1sica, en 1.04% la intermedia y en 1.17% la excedentaria. Solamente en la tarifa b\u00e1sica que se pagaba en el periodo noviembre 2009 \u2013 enero 2010, de 6.85, se ha producido un incremento de 20.44% y en la tarifa intermedia que se pagaba en el per\u00edodo marzo-mayo 2010, de 0.828, que hoy es de 0.996, el incremento es de 20.29%.<\/p>\n<p>\u00a0<\/p>\n<p>De cu\u00e1nto es realmente la reducci\u00f3n de las tarifas, despu\u00e9s que las han venido aumentado hasta diciembre de 2014. Si comparamos las tarifas que cobraba la CFE a diciembre de 2014 con las cobradas en marzo de este a\u00f1o, la reducci\u00f3n de la tarifa b\u00e1sica es de 1.94%, en la tarifa intermedia es de 2.01% y la tarifa por consumo excedente disminuy\u00f3 en 1.99%.<\/p>\n<p>\u00a0<\/p>\n<p>Esas supuestas reducciones, en realidad, se neutralizan frente al incremento de las tarifas de enero-marzo 2013 a enero-marzo 2015, pues en ese per\u00edodo la b\u00e1sica se increment\u00f3 en 6.31%, la intermedia en 4.50% y la excedentaria en 5.19%. S\u00ed a esas tarifas les descontamos las reducciones recientes \u00bfQui\u00e9n gana realmente, los ciudadanos o la CFE?. La empresa del Estado obtiene incrementos positivos a su favor en las tarifas de 4.37% en la b\u00e1sica, de 2.49% en la intermedia y de 3.20% en la excedentaria.<\/p>\n<p>\u00a0<\/p>\n<p>Las reformas y sus beneficios, la reducci\u00f3n de las tarifas el\u00e9ctricas se est\u00e1n convirtiendo en retorica en los discursos y en la publicidad del gobierno en los medios de comunicaci\u00f3n. Pues no s\u00f3lo es falso que exista una reducci\u00f3n en las tarifas, sino que los cobros que realiza la CFE a los hogares son excesivos e injustificados en muchos casos, pese a que muchas familiar han aplicada todas la recomendaciones para hacer un uso eficiente de la energ\u00eda, invirtiendo focos LED y aparatos el\u00e9ctricos con bajo consumo de energ\u00eda. Lamentablemente, cuando las familias reclaman a la CFE no existe una respuesta razonable, sino la coerci\u00f3n de parte de sus trabajadores, quienes justifican sus cobros diciendo \u201ceso fue lo que consumi\u00f3\u201d y \u201csi no quiere pagar cancele el contrato\u201d.<\/p>\n<p>\u00a0<\/p>\n<p>Absurda posici\u00f3n de la CFE y sus empleados, pues en las condiciones actuales el suministro de energ\u00eda el\u00e9ctrica constituye un bien p\u00fablico colectivo bajo la responsabilidad de Estado, \u00e9l es quien debe establecer las medidas para suministrarlo a todos. Pero si la seguridad p\u00fablica es un bien publico colectivo puro, que debe otorgar a todos los mexicanos el Estado, y no puede hacerlo, pedirle que haga lo correcto con el suministro de electricidad es un sue\u00f1o. Por lo que habr\u00e1 que seguir pagando lo que cobre a la CFE y escuchando un discurso sin fundamento que se burla de la inteligencia de los mexicanos.<\/p>\n","protected":false},"excerpt":{"rendered":"<p>Desde que inici\u00f3 este a\u00f1o la propaganda del gobierno federal se centra en el ben\u00e9fico que est\u00e1n recibiendo los hogares con la reforma energ\u00e9tica, centrada en la reducci\u00f3n de las tarifas el\u00e9ctricas. Para quienes hemos sido victimas de la corrupci\u00f3n imperante dentro de la extinta Luz y Fuerza del Centro (LYFC) y ahora de la [&hellip;]<\/p>\n","protected":false},"author":93,"featured_media":0,"comment_status":"open","ping_status":"open","sticky":false,"template":"","format":"standard","meta":{"footnotes":""},"categories":[45],"tags":[],"class_list":["post-3210","post","type-post","status-publish","format-standard","hentry","category-jose-luis-ortiz-santillan"],"_links":{"self":[{"href":"https:\/\/plazajuarez.mx\/historico\/wp-json\/wp\/v2\/posts\/3210","targetHints":{"allow":["GET"]}}],"collection":[{"href":"https:\/\/plazajuarez.mx\/historico\/wp-json\/wp\/v2\/posts"}],"about":[{"href":"https:\/\/plazajuarez.mx\/historico\/wp-json\/wp\/v2\/types\/post"}],"author":[{"embeddable":true,"href":"https:\/\/plazajuarez.mx\/historico\/wp-json\/wp\/v2\/users\/93"}],"replies":[{"embeddable":true,"href":"https:\/\/plazajuarez.mx\/historico\/wp-json\/wp\/v2\/comments?post=3210"}],"version-history":[{"count":0,"href":"https:\/\/plazajuarez.mx\/historico\/wp-json\/wp\/v2\/posts\/3210\/revisions"}],"wp:attachment":[{"href":"https:\/\/plazajuarez.mx\/historico\/wp-json\/wp\/v2\/media?parent=3210"}],"wp:term":[{"taxonomy":"category","embeddable":true,"href":"https:\/\/plazajuarez.mx\/historico\/wp-json\/wp\/v2\/categories?post=3210"},{"taxonomy":"post_tag","embeddable":true,"href":"https:\/\/plazajuarez.mx\/historico\/wp-json\/wp\/v2\/tags?post=3210"}],"curies":[{"name":"wp","href":"https:\/\/api.w.org\/{rel}","templated":true}]}}