{"id":3206,"date":"2015-04-03T06:00:00","date_gmt":"2015-04-03T06:00:00","guid":{"rendered":"http:\/\/plazajuarez.mx\/index\/index.php\/2015\/04\/03\/mexicano-gana-premio-de-fotografia\/"},"modified":"2015-04-03T06:00:00","modified_gmt":"2015-04-03T06:00:00","slug":"mexicano-gana-premio-de-fotografia","status":"publish","type":"post","link":"https:\/\/plazajuarez.mx\/historico\/mexicano-gana-premio-de-fotografia\/","title":{"rendered":"Mexicano gana premio de fotograf\u00eda"},"content":{"rendered":"<p>El fot\u00f3grafo mexicano H\u00e9ctor Mu\u00f1oz fue anunciado ayer en Londres como ganador del prestigioso premio de fotograf\u00eda Sony en la categor\u00eda abierta dentro de la tem\u00e1tica &#8220;Artes y Cultura&#8221; por su instant\u00e1nea titulada &#8220;Quetzalc\u00f3atl&#8221;.<\/p>\n<p>  <!--more-->  <\/p>\n<p>\u00a0<\/p>\n<p>H\u00e9ctor Mu\u00f1oz, que vive en Quer\u00e9taro y trabaja como director de arte, gan\u00f3 con una fotograf\u00eda en la que se ve a un artista pintando un grafiti de un drag\u00f3n en una pared del barrio mexicano de San Gregorio.<\/p>\n<p>&#8220;He estado tomando fotos de artistas callejeros desde hace varios a\u00f1os. El 31 de enero, cuando me dirig\u00eda al centro con mi familia, me encontr\u00e9 a estos artistas trabajando en un mural que hab\u00eda identificado unos d\u00edas antes&#8221;, dijo Mu\u00f1oz sobre su imagen.<\/p>\n<p>El fot\u00f3grafo mexicano le pidi\u00f3 entonces a su esposa que le esperara cinco minutos y comenz\u00f3 a fotografiar a estos &#8220;muchachos&#8221; mientras pintaban las paredes con dibujos.<\/p>\n<p>Mu\u00f1oz se ha mostrado &#8220;muy contento&#8221; de que a trav\u00e9s de este concurso internacional la fotograf\u00eda reciba m\u00e1s visibilidad e incluso pueda atraer la atenci\u00f3n de gente con talento que normalmente &#8220;no tienen la oportunidad de estudiar ni trabajar&#8221;.<\/p>\n<p>Un total de trece latinoamericanos fueron preseleccionados en los premios Sony.<\/p>\n<p>En la categor\u00eda Profesional, cuyos premiados se anunciar\u00e1n el 23 de abril, figuran Jonathan Carvajal (Colombia); Alejandro Almaraz (Argentina); Lisa Gim\u00e9nez (Argentina); Mahadev Rojas (Venezuela); Rodrigo Illescas (Argentina) y Ronaldo Land (Brasil).<\/p>\n<p>En la categor\u00eda Abierta, junto a H\u00e9ctor Mu\u00f1oz (M\u00e9xico), fueron preseleccionados David Mart\u00edn Huamani (Per\u00fa); Rodrigo Jard\u00f3n (M\u00e9xico) y Mario Cabral (Brasil), aunque solo Mu\u00f1oz se alz\u00f3 con el premio.<\/p>\n<p>Por este galard\u00f3n, Mu\u00f1oz recibir\u00e1 una c\u00e1mara fotogr\u00e1fica Sony y un tel\u00e9fono inteligente y competir\u00e1 con los ganadores de las otras nueve tem\u00e1ticas de la categor\u00eda abierta por el t\u00edtulo de Fot\u00f3grafo del a\u00f1o de los premios Sony, que celebran en 2015 su octava edici\u00f3n.<\/p>\n<p>El ganador definitivo se anunciar\u00e1 en una ceremonia de entrega en Londres el 23 de abril, mientras que las fotograf\u00edas premiadas se mostrar\u00e1n al p\u00fablico en Somerset House del 24 de abril al 10 de mayo.<\/p>\n","protected":false},"excerpt":{"rendered":"<p>El fot\u00f3grafo mexicano H\u00e9ctor Mu\u00f1oz fue anunciado ayer en Londres como ganador del prestigioso premio de fotograf\u00eda Sony en la categor\u00eda abierta dentro de la tem\u00e1tica &#8220;Artes y Cultura&#8221; por su instant\u00e1nea titulada &#8220;Quetzalc\u00f3atl&#8221;.<\/p>\n","protected":false},"author":93,"featured_media":0,"comment_status":"open","ping_status":"open","sticky":false,"template":"","format":"standard","meta":{"footnotes":""},"categories":[41],"tags":[],"class_list":["post-3206","post","type-post","status-publish","format-standard","hentry","category-arteria-cultural"],"_links":{"self":[{"href":"https:\/\/plazajuarez.mx\/historico\/wp-json\/wp\/v2\/posts\/3206","targetHints":{"allow":["GET"]}}],"collection":[{"href":"https:\/\/plazajuarez.mx\/historico\/wp-json\/wp\/v2\/posts"}],"about":[{"href":"https:\/\/plazajuarez.mx\/historico\/wp-json\/wp\/v2\/types\/post"}],"author":[{"embeddable":true,"href":"https:\/\/plazajuarez.mx\/historico\/wp-json\/wp\/v2\/users\/93"}],"replies":[{"embeddable":true,"href":"https:\/\/plazajuarez.mx\/historico\/wp-json\/wp\/v2\/comments?post=3206"}],"version-history":[{"count":0,"href":"https:\/\/plazajuarez.mx\/historico\/wp-json\/wp\/v2\/posts\/3206\/revisions"}],"wp:attachment":[{"href":"https:\/\/plazajuarez.mx\/historico\/wp-json\/wp\/v2\/media?parent=3206"}],"wp:term":[{"taxonomy":"category","embeddable":true,"href":"https:\/\/plazajuarez.mx\/historico\/wp-json\/wp\/v2\/categories?post=3206"},{"taxonomy":"post_tag","embeddable":true,"href":"https:\/\/plazajuarez.mx\/historico\/wp-json\/wp\/v2\/tags?post=3206"}],"curies":[{"name":"wp","href":"https:\/\/api.w.org\/{rel}","templated":true}]}}