{"id":3201,"date":"2015-04-03T06:00:00","date_gmt":"2015-04-03T06:00:00","guid":{"rendered":"http:\/\/plazajuarez.mx\/index\/index.php\/2015\/04\/03\/muere-manoel-de-oliveira\/"},"modified":"2015-04-03T06:00:00","modified_gmt":"2015-04-03T06:00:00","slug":"muere-manoel-de-oliveira","status":"publish","type":"post","link":"https:\/\/plazajuarez.mx\/historico\/muere-manoel-de-oliveira\/","title":{"rendered":"Muere Manoel de Oliveira"},"content":{"rendered":"<p>El director portugu\u00e9s Manoel de Oliveira, decano mundial de los cineastas, falleci\u00f3 el d\u00eda de ayer a la edad de 106 a\u00f1os, provocando la emoci\u00f3n en los c\u00edrculos pol\u00edticos y culturales.<\/p>\n<p>  <!--more-->  <\/p>\n<p>\u00a0<\/p>\n<p>Su productor, Luis Urbano, comunic\u00f3 la muerte del cineasta a AFP. Oliveira se encontraba en su casa de Porto (norte de Portugal), su ciudad natal, seg\u00fan los medios locales.<\/p>\n<p>Con inagotable &#8220;hambre de vivir y de filmar&#8221;, el realizador celebr\u00f3 su 106 cumplea\u00f1os con su p\u00fablico, con motivo del estreno en Portugal de su \u00faltimo trabajo, &#8220;O Velho do Restelo&#8221; (El viejo del Restelo).<\/p>\n<p>A pesar de su fr\u00e1gil estado de salud, dirigi\u00f3 este cortometraje, que describi\u00f3 como una &#8220;reflexi\u00f3n sobre la humanidad&#8221; en la primavera de 2014.<\/p>\n<p>Manoel de Oliveira hab\u00eda explotado hasta el final su mirada sobre la condici\u00f3n humana en una perpetua pregunta sobre el sentido de la vida.<\/p>\n<p>El t\u00edtulo de este filme se inspira en un personaje que es una suerte de profeta de la desgracia en el poema \u00e9pico &#8220;Las Lus\u00edadas&#8221;, escrito en el siglo XVI por Luis de Camoes, en el que se cuentan los grandes descubrimientos mar\u00edtimos de los navegantes portugueses.<\/p>\n<p>Tras el anuncio, el gobierno de Portugal decret\u00f3 dos d\u00edas de duelo oficial.<\/p>\n","protected":false},"excerpt":{"rendered":"<p>El director portugu\u00e9s Manoel de Oliveira, decano mundial de los cineastas, falleci\u00f3 el d\u00eda de ayer a la edad de 106 a\u00f1os, provocando la emoci\u00f3n en los c\u00edrculos pol\u00edticos y culturales.<\/p>\n","protected":false},"author":93,"featured_media":0,"comment_status":"open","ping_status":"open","sticky":false,"template":"","format":"standard","meta":{"footnotes":""},"categories":[38],"tags":[],"class_list":["post-3201","post","type-post","status-publish","format-standard","hentry","category-show"],"_links":{"self":[{"href":"https:\/\/plazajuarez.mx\/historico\/wp-json\/wp\/v2\/posts\/3201","targetHints":{"allow":["GET"]}}],"collection":[{"href":"https:\/\/plazajuarez.mx\/historico\/wp-json\/wp\/v2\/posts"}],"about":[{"href":"https:\/\/plazajuarez.mx\/historico\/wp-json\/wp\/v2\/types\/post"}],"author":[{"embeddable":true,"href":"https:\/\/plazajuarez.mx\/historico\/wp-json\/wp\/v2\/users\/93"}],"replies":[{"embeddable":true,"href":"https:\/\/plazajuarez.mx\/historico\/wp-json\/wp\/v2\/comments?post=3201"}],"version-history":[{"count":0,"href":"https:\/\/plazajuarez.mx\/historico\/wp-json\/wp\/v2\/posts\/3201\/revisions"}],"wp:attachment":[{"href":"https:\/\/plazajuarez.mx\/historico\/wp-json\/wp\/v2\/media?parent=3201"}],"wp:term":[{"taxonomy":"category","embeddable":true,"href":"https:\/\/plazajuarez.mx\/historico\/wp-json\/wp\/v2\/categories?post=3201"},{"taxonomy":"post_tag","embeddable":true,"href":"https:\/\/plazajuarez.mx\/historico\/wp-json\/wp\/v2\/tags?post=3201"}],"curies":[{"name":"wp","href":"https:\/\/api.w.org\/{rel}","templated":true}]}}