{"id":32006,"date":"2016-11-18T11:47:45","date_gmt":"2016-11-18T11:47:45","guid":{"rendered":"http:\/\/plazajuarez.mx\/index\/index.php\/2016\/11\/18\/china-prohibe-llamar-gordito-a-kim-jong-un\/"},"modified":"2016-11-18T11:47:45","modified_gmt":"2016-11-18T11:47:45","slug":"china-prohibe-llamar-gordito-a-kim-jong-un","status":"publish","type":"post","link":"https:\/\/plazajuarez.mx\/historico\/china-prohibe-llamar-gordito-a-kim-jong-un\/","title":{"rendered":"China proh\u00edbe llamar \u00abgordito\u00bb a Kim Jong-un"},"content":{"rendered":"<p>Rueda de prensa para anunciar la prohibici\u00f3n<\/p>\n<p>\u25cf\u00a0\u00a0\u00a0 \u00abDesautorizamos que se hable del l\u00edder de cualquier pa\u00eds con expresiones insultantes\u00bb, afirm\u00f3 un portavoz del Ministerio chino de Exteriores<\/p>\n<p>  <!--more-->  <\/p>\n<p>La BBC, en su p\u00e1gina web, recoge informaci\u00f3n seg\u00fan la cual los servicios de Inteligencia de Corea del Sur asegurar\u00edan que Kim Jung-un habr\u00eda ganado 40 kilos en los \u00faltimos cuatro a\u00f1os.<br \/>Las autoridades chinas han prohibido usar en internet y redes sociales la expresi\u00f3n \u00abGordito Kim III\u00bb para referirse al l\u00edder de Corea del Norte, Kim Jong-un, aunque insistieron en que no ha sido a petici\u00f3n del Gobierno de Pyongyang.<br \/>\u00abDesautorizamos que se hable del l\u00edder de cualquier pa\u00eds con expresiones insultantes\u00bb, afirm\u00f3 en rueda de prensa un portavoz del Ministerio chino de Exteriores, Geng Shuang.<br \/>A\u00f1adi\u00f3 que \u00abel Gobierno chino est\u00e1 comprometido con la creaci\u00f3n de un medio ambiente saludable y civilizado para las opiniones\u00bb en internet.<br \/>Sin embargo, Geng rechaz\u00f3 la veracidad de informaciones acerca de que esa decisi\u00f3n se habr\u00eda tomado a petici\u00f3n del Gobierno norcoreano.<br \/>El uso del citado t\u00e9rmino y otros similares para referirse al l\u00edder norcoreano era muy com\u00fan en las redes sociales chinas.<br \/>Sin embargo, una b\u00fasqueda en estas redes chinas de la expresi\u00f3n \u00abGordito Kim III\u00bb (que hace referencia a su obesidad y a ser el tercer miembro de la familia que ejerce el cargo de forma ininterrumpida desde 1945) arroja ya hoy resultados negativos.<br \/>As\u00ed, la red social Weibo (el equivalente chino a Twitter) ofrece un mensaje que dice que \u00abseg\u00fan la legislaci\u00f3n vigente no se muestran los resultados de la b\u00fasqueda\u00bb.<br \/>Seg\u00fan im\u00e1genes recogidas durante los \u00faltimos a\u00f1os, el presidente de Corea del Norte, apasionado del queso suizo, las vieiras y el whisky, habr\u00eda ganado peso desde su llegada al poder, en 2011.<\/p>\n","protected":false},"excerpt":{"rendered":"<p>Rueda de prensa para anunciar la prohibici\u00f3n \u25cf\u00a0\u00a0\u00a0 \u00abDesautorizamos que se hable del l\u00edder de cualquier pa\u00eds con expresiones insultantes\u00bb, afirm\u00f3 un portavoz del Ministerio chino de Exteriores<\/p>\n","protected":false},"author":93,"featured_media":0,"comment_status":"open","ping_status":"open","sticky":false,"template":"","format":"standard","meta":{"footnotes":""},"categories":[31],"tags":[],"class_list":["post-32006","post","type-post","status-publish","format-standard","hentry","category-orbe"],"_links":{"self":[{"href":"https:\/\/plazajuarez.mx\/historico\/wp-json\/wp\/v2\/posts\/32006","targetHints":{"allow":["GET"]}}],"collection":[{"href":"https:\/\/plazajuarez.mx\/historico\/wp-json\/wp\/v2\/posts"}],"about":[{"href":"https:\/\/plazajuarez.mx\/historico\/wp-json\/wp\/v2\/types\/post"}],"author":[{"embeddable":true,"href":"https:\/\/plazajuarez.mx\/historico\/wp-json\/wp\/v2\/users\/93"}],"replies":[{"embeddable":true,"href":"https:\/\/plazajuarez.mx\/historico\/wp-json\/wp\/v2\/comments?post=32006"}],"version-history":[{"count":0,"href":"https:\/\/plazajuarez.mx\/historico\/wp-json\/wp\/v2\/posts\/32006\/revisions"}],"wp:attachment":[{"href":"https:\/\/plazajuarez.mx\/historico\/wp-json\/wp\/v2\/media?parent=32006"}],"wp:term":[{"taxonomy":"category","embeddable":true,"href":"https:\/\/plazajuarez.mx\/historico\/wp-json\/wp\/v2\/categories?post=32006"},{"taxonomy":"post_tag","embeddable":true,"href":"https:\/\/plazajuarez.mx\/historico\/wp-json\/wp\/v2\/tags?post=32006"}],"curies":[{"name":"wp","href":"https:\/\/api.w.org\/{rel}","templated":true}]}}