{"id":32005,"date":"2016-11-18T11:47:46","date_gmt":"2016-11-18T11:47:46","guid":{"rendered":"http:\/\/plazajuarez.mx\/index\/index.php\/2016\/11\/18\/regreso-a-la-libertadores-se-estudiara\/"},"modified":"2016-11-18T11:47:46","modified_gmt":"2016-11-18T11:47:46","slug":"regreso-a-la-libertadores-se-estudiara","status":"publish","type":"post","link":"https:\/\/plazajuarez.mx\/historico\/regreso-a-la-libertadores-se-estudiara\/","title":{"rendered":"Regreso a la Libertadores, se estudiar\u00e1"},"content":{"rendered":"<p>LOS DUE\u00d1OS TENDR\u00c1N LA \u00daLTIMA PALABRA<\/p>\n<p>&#8211; Este viernes por la tarde se har\u00e1 el anuncio oficial por parte de Enrique Bonilla, presidente de la Liga MX, en conferencia de prensa, en la que se espera d\u00e9 a conocer detalles m\u00e1s all\u00e1 del conflicto de calendarizaci\u00f3n entre la competencia mexicana y la del Cono Sur<\/p>\n<p>  <!--more-->  <\/p>\n<p>Los clubes mexicanos podr\u00edan volver a participar en pr\u00f3ximas ediciones de la Copa Libertadores. Los due\u00f1os tendr\u00e1n la \u00faltima palabra para saber si conviene a los integrantes de la Liga MX regresar al certamen sudamericano.<br \/>\u201cEst\u00e1 justificada [la salida de las franquicias tricolores], desgraciadamente, as\u00ed tiene que ser\u201d, reconoci\u00f3 el due\u00f1o del Guadalajara, Jorge Vergara.<br \/>\u201cFueron los calendarios los que cambiaron y nosotros tenemos que ver por nuestra competencia\u201d, a\u00f1adi\u00f3 el empresario tapat\u00edo.<br \/>Este viernes por la tarde se har\u00e1 el anuncio oficial por parte de Enrique Bonilla, presidente de la Liga MX, en conferencia de prensa, en la que se espera d\u00e9 a conocer detalles m\u00e1s all\u00e1 del conflicto de calendarizaci\u00f3n entre la competencia mexicana y la del Cono Sur.<br \/>Se pondr\u00e1 fin a 18 a\u00f1os de participaci\u00f3n de M\u00e9xico en la Copa Libertadores en la que Cruz Azul, Chivas y Tigres alcanzaron el subcampeonato.<br \/>La raz\u00f3n que se ha puesto como principal para abandonar el torneo sudamericano es el problema de calendarizaci\u00f3n. Conmebol program\u00f3 su Copa de febrero a noviembre del a\u00f1o entrante. Esta situaci\u00f3n derivar\u00eda en un empalme con las distintas justas en las que est\u00e1n inmiscuidos los conjuntos tricolores a nivel local e internacional como la llamada \u201cConcachampions\u201d.<br \/>Vergara deja en claro que la prioridad para los propietarios de los equipos es el torneo casero. Incluso, el jerarca del Reba\u00f1o Sagrado se\u00f1ala que los cert\u00e1menes locales tienen mayor relevancia para los dirigentes del balompi\u00e9 nacional.<br \/>\u201cEs m\u00e1s importante la Liga MX que la Copa Libertadores para empezar. En todos los sentidos [deportivo y econ\u00f3mico], es obvia la respuesta, para nosotros es importante nuestra competencia en M\u00e9xico\u201d, dijo el dirigente.<br \/>\u2014\u00bfExiste la posibilidad de que los equipos de nuestro pa\u00eds vuelvan a la Copa Libertadores?<br \/>Vergara apela a la democracia que existe en las entra\u00f1as de la Federaci\u00f3n Mexicana de Futbol (FMF).<br \/>\u201cTenemos que verlo en la pr\u00f3xima Junta de Due\u00f1os que se realice, todos juntos\u201d.<br \/>Pedir\u00edan un a\u00f1o sab\u00e1tico. En la mesa de los propietarios de los equipos del futbol mexicano est\u00e1n varias propuestas para saber si se reanudar\u00e1 la participaci\u00f3n tricolor en la Copa Libertadores. Una que ha cobrado fuerza es la de tener un a\u00f1o sab\u00e1tico para evaluar la situaci\u00f3n.<br \/>\u201cEnrique Bonilla [presidente de la Liga MX] sugiri\u00f3 tener un a\u00f1o sab\u00e1tico\u201d, revel\u00f3 el mandam\u00e1s de los Tigres, Alejandro Rodr\u00edguez.<br \/>\u201cNos hicieron ver el impacto que tiene para nuestro balompi\u00e9 no estar en la competencia sudamericana y ver el impacto que tiene para la Conmebol que el futbol mexicano no est\u00e9 y sopesar esa situaci\u00f3n\u201d, agreg\u00f3 el ingeniero.<br \/>Antes del ingreso de M\u00e9xico en la Libertadores, la ilusi\u00f3n de los dirigentes del f\u00fatbol nacional era la de poder tener un roce con los mejores conjuntos sudamericanos. Emilio Maurer, ex vicepresidente de la Federaci\u00f3n Mexicana de Futbol (FMF), acept\u00f3 a esta casa editorial que incluso se soborn\u00f3 a los dirigentes de la Concacaf como Jack Warner y Chuck Blazer para obtener el permiso necesario para poder competir en Conmebol.<br \/>Sin embargo, a lo largo de los a\u00f1os, los equipos mexicanos han sufrido para competir en igualdad de circunstancias con sus pares de Sudam\u00e9rica: arbitrajes localistas y la imposibilidad de jugar una hipot\u00e9tica final de vuelta en M\u00e9xico. A eso se sum\u00f3 que si alg\u00fan conjunto nacional se coronaba, no podr\u00eda asistir al Mundial de Clubes.<br \/>\u201cPor la estructura que tiene el futbol mexicano, por el poder\u00edo en cuanto a recursos que tiene nuestro f\u00fatbol por el tema de los patrocinadores pierde m\u00e1s la Conmebol con la no participaci\u00f3n de los equipos mexicanos. Ojal\u00e1 que se den las condiciones para volver a ese torneo\u201d, asegur\u00f3 Jos\u00e9 Guadalupe Cruz, director t\u00e9cnico del Atlas.<\/p>\n","protected":false},"excerpt":{"rendered":"<p>LOS DUE\u00d1OS TENDR\u00c1N LA \u00daLTIMA PALABRA &#8211; Este viernes por la tarde se har\u00e1 el anuncio oficial por parte de Enrique Bonilla, presidente de la Liga MX, en conferencia de prensa, en la que se espera d\u00e9 a conocer detalles m\u00e1s all\u00e1 del conflicto de calendarizaci\u00f3n entre la competencia mexicana y la del Cono Sur<\/p>\n","protected":false},"author":93,"featured_media":0,"comment_status":"open","ping_status":"open","sticky":false,"template":"","format":"standard","meta":{"footnotes":""},"categories":[39],"tags":[],"class_list":["post-32005","post","type-post","status-publish","format-standard","hentry","category-deportiva"],"_links":{"self":[{"href":"https:\/\/plazajuarez.mx\/historico\/wp-json\/wp\/v2\/posts\/32005","targetHints":{"allow":["GET"]}}],"collection":[{"href":"https:\/\/plazajuarez.mx\/historico\/wp-json\/wp\/v2\/posts"}],"about":[{"href":"https:\/\/plazajuarez.mx\/historico\/wp-json\/wp\/v2\/types\/post"}],"author":[{"embeddable":true,"href":"https:\/\/plazajuarez.mx\/historico\/wp-json\/wp\/v2\/users\/93"}],"replies":[{"embeddable":true,"href":"https:\/\/plazajuarez.mx\/historico\/wp-json\/wp\/v2\/comments?post=32005"}],"version-history":[{"count":0,"href":"https:\/\/plazajuarez.mx\/historico\/wp-json\/wp\/v2\/posts\/32005\/revisions"}],"wp:attachment":[{"href":"https:\/\/plazajuarez.mx\/historico\/wp-json\/wp\/v2\/media?parent=32005"}],"wp:term":[{"taxonomy":"category","embeddable":true,"href":"https:\/\/plazajuarez.mx\/historico\/wp-json\/wp\/v2\/categories?post=32005"},{"taxonomy":"post_tag","embeddable":true,"href":"https:\/\/plazajuarez.mx\/historico\/wp-json\/wp\/v2\/tags?post=32005"}],"curies":[{"name":"wp","href":"https:\/\/api.w.org\/{rel}","templated":true}]}}