{"id":32004,"date":"2016-11-18T11:45:02","date_gmt":"2016-11-18T11:45:02","guid":{"rendered":"http:\/\/plazajuarez.mx\/index\/index.php\/2016\/11\/18\/mexico-jugara-ante-venezuela-su-pase-a-siguiente-ronda\/"},"modified":"2016-11-18T11:45:02","modified_gmt":"2016-11-18T11:45:02","slug":"mexico-jugara-ante-venezuela-su-pase-a-siguiente-ronda","status":"publish","type":"post","link":"https:\/\/plazajuarez.mx\/historico\/mexico-jugara-ante-venezuela-su-pase-a-siguiente-ronda\/","title":{"rendered":"M\u00e9xico jugar\u00e1 ante Venezuela su pase a siguiente ronda"},"content":{"rendered":"<p>&#8211;\u00a0\u00a0\u00a0 El Tri femenil perdi\u00f3 el jueves 3-0 ante Alemania, en duelo correspondiente a la Segunda Jornada<\/p>\n<p>  <!--more-->  <\/p>\n<p>La Selecci\u00f3n Mexicana de Futbol Femenil Sub 20 se jugar\u00e1 ante Venezuela el pase a la siguiente ronda en el Mundial de la especialidad que se juega en Pap\u00faa, Nueva Guinea.<br \/>El Tri femenil perdi\u00f3 el jueves 3-0 ante Alemania, en duelo correspondiente a la Segunda Jornada.<br \/>Las anotaciones del encuentro fueron obra de Stefanie Sanders a los 47 y 85 y Saskia Matheis al 67.<br \/>De cualquier modo, el conjunto azteca tiene el futuro en sus manos pues cuenta con tres unidades en el Grupo D con tres puntos, luego de su victoria ante Corea del Sur.<br \/>El siguiente encuentro del Seleccionado femenil ser\u00e1 el pr\u00f3ximo lunes 21 de noviembre a las 03:00 hrs. (CM) ante su similar de Venezuela.<br \/>Al respecto, en declaraciones difundidas por la Federaci\u00f3n Mexicana de Futbol (FMF), el t\u00e9cnico Roberto Medina coment\u00f3 que para el encuentro ante las sudamericanas primero \u201ctrabajaremos en recuperar al equipo en la parte an\u00edmica y f\u00edsica\u201d.<br \/>\u201cHoy hicieron un gran esfuerzo, por muchos momentos se jug\u00f3 bien al f\u00fatbol ante una escuadra impresionante, merece todo mi respeto porque trabaj\u00f3 bien el partido e hizo los goles, con esos goles nuestro equipo baj\u00f3 un poquito en el tema an\u00edmico aunque no dej\u00f3 de luchar, fue un conjunto que luch\u00f3 durante los 90 minutos y esto es lo que deja tranquilo\u201d, asever\u00f3.<br \/>Medina reconoci\u00f3 \u201cque sab\u00edamos que enfrentar\u00edamos un equipo muy dif\u00edcil, con gran fortaleza y estructura, pero sab\u00edamos tambi\u00e9n que pod\u00edamos ser competitivos e \u00edbamos a estar al t\u00fa por t\u00fa, por grandes momentos del partido lo hicimos, la idea era mantenernos en esa competitividad y evitar que Alemania nos hiciera da\u00f1o\u201d.<br \/>\u201cTememos mucho que aprender como programa, tenemos mucho que mejorar en nuestras condiciones f\u00edsicas y de fuerza para poder pelear los 90 minutos con equipos como este\u201d, puntualiz\u00f3 Medina.<br \/>\u00a0<br \/>\u201cTememos mucho que aprender como programa, tenemos mucho que mejorar en nuestras condiciones f\u00edsicas y de fuerza para poder pelear los 90 minutos con equipos como este\u201d. <br \/>ROBERTO MEDINA <\/p>\n","protected":false},"excerpt":{"rendered":"<p>&#8211;\u00a0\u00a0\u00a0 El Tri femenil perdi\u00f3 el jueves 3-0 ante Alemania, en duelo correspondiente a la Segunda Jornada<\/p>\n","protected":false},"author":93,"featured_media":0,"comment_status":"open","ping_status":"open","sticky":false,"template":"","format":"standard","meta":{"footnotes":""},"categories":[39],"tags":[],"class_list":["post-32004","post","type-post","status-publish","format-standard","hentry","category-deportiva"],"_links":{"self":[{"href":"https:\/\/plazajuarez.mx\/historico\/wp-json\/wp\/v2\/posts\/32004","targetHints":{"allow":["GET"]}}],"collection":[{"href":"https:\/\/plazajuarez.mx\/historico\/wp-json\/wp\/v2\/posts"}],"about":[{"href":"https:\/\/plazajuarez.mx\/historico\/wp-json\/wp\/v2\/types\/post"}],"author":[{"embeddable":true,"href":"https:\/\/plazajuarez.mx\/historico\/wp-json\/wp\/v2\/users\/93"}],"replies":[{"embeddable":true,"href":"https:\/\/plazajuarez.mx\/historico\/wp-json\/wp\/v2\/comments?post=32004"}],"version-history":[{"count":0,"href":"https:\/\/plazajuarez.mx\/historico\/wp-json\/wp\/v2\/posts\/32004\/revisions"}],"wp:attachment":[{"href":"https:\/\/plazajuarez.mx\/historico\/wp-json\/wp\/v2\/media?parent=32004"}],"wp:term":[{"taxonomy":"category","embeddable":true,"href":"https:\/\/plazajuarez.mx\/historico\/wp-json\/wp\/v2\/categories?post=32004"},{"taxonomy":"post_tag","embeddable":true,"href":"https:\/\/plazajuarez.mx\/historico\/wp-json\/wp\/v2\/tags?post=32004"}],"curies":[{"name":"wp","href":"https:\/\/api.w.org\/{rel}","templated":true}]}}