{"id":32003,"date":"2016-11-18T11:45:00","date_gmt":"2016-11-18T11:45:00","guid":{"rendered":"http:\/\/plazajuarez.mx\/index\/index.php\/2016\/11\/18\/veracruz-a-cerrar-con-dignidad-y-danar-liderato-canino\/"},"modified":"2016-11-18T11:45:00","modified_gmt":"2016-11-18T11:45:00","slug":"veracruz-a-cerrar-con-dignidad-y-danar-liderato-canino","status":"publish","type":"post","link":"https:\/\/plazajuarez.mx\/historico\/veracruz-a-cerrar-con-dignidad-y-danar-liderato-canino\/","title":{"rendered":"Veracruz, a cerrar con dignidad y da\u00f1ar liderato canino"},"content":{"rendered":"<p>Jornada 17 del Apertura 2016<\/p>\n<p>&#8211; El conjunto escualo s\u00f3lo suma nueve unidades en la actual temporada, una cantidad m\u00ednima que hoy lo tiene en el fondo de la tabla de descenso<\/p>\n<p>  <!--more-->  <\/p>\n<p>El Apertura 2016 llega a su fin en la fase regular. Tiburones Rojos de Veracruz cierra la cortina de un torneo para el olvido, sin embargo, hoy viernes en su cancha tratar\u00e1n de sacar una victoria que les permita sumar en el porcentaje, aunque el desaf\u00edo es complicado, pues reciben al l\u00edder, Xolos de Tijuana.<br \/>El conjunto escualo s\u00f3lo suma nueve unidades en la actual temporada, una cantidad m\u00ednima que hoy lo tiene en el fondo de la tabla de descenso, por lo que debe comenzar a pensar en el planteamiento de la pr\u00f3xima temporada, donde deber\u00e1 nadar contra corriente.<br \/>El capit\u00e1n de los Tiburones Rojos de Veracruz, Leobardo L\u00f3pez, llam\u00f3 a la afici\u00f3n a apoyarles en este momento dif\u00edcil, del cual espera que salgan para regresar la alegr\u00eda al puerto jarocho.<br \/>\u201cAhora en estos momentos es cuando m\u00e1s los necesitamos, necesitamos a los verdaderos aficionados de Veracruz, que de esta situaci\u00f3n vamos a salir. A los verdaderos aficionados necesitamos que est\u00e9n de nuestro lado, obviamente la exigencia hacia nosotros va a estar, y que nos exijan es normal, pero que tengamos el apoyo\u201d, explic\u00f3 el zaguero durante la preparaci\u00f3n del duelo para recibir a los canes.<br \/>Contraste entre l\u00edder y colero de la competencia, en donde los visitantes llegan sabiendo que el liderato est\u00e1 en sus manos y para consolidarlo deben sacar al menos un punto de tierras veracruzanas, aunque no se conforman y quieren la victoria.<br \/>&#8220;Es importante que podamos sumar, ganar y poder terminar primeros en la tabla, agradecemos el apoyo durante todo el campeonato, viene la parte m\u00e1s importante del torneo y espero que sigamos juntos por el objetivo&#8221;, dijo Guido Rodr\u00edguez sobre el duelo correspondiente a la Jornada 17 del Apertura 2016, \u00faltima del torneo regular.<\/p>\n","protected":false},"excerpt":{"rendered":"<p>Jornada 17 del Apertura 2016 &#8211; El conjunto escualo s\u00f3lo suma nueve unidades en la actual temporada, una cantidad m\u00ednima que hoy lo tiene en el fondo de la tabla de descenso<\/p>\n","protected":false},"author":93,"featured_media":0,"comment_status":"open","ping_status":"open","sticky":false,"template":"","format":"standard","meta":{"footnotes":""},"categories":[39],"tags":[],"class_list":["post-32003","post","type-post","status-publish","format-standard","hentry","category-deportiva"],"_links":{"self":[{"href":"https:\/\/plazajuarez.mx\/historico\/wp-json\/wp\/v2\/posts\/32003","targetHints":{"allow":["GET"]}}],"collection":[{"href":"https:\/\/plazajuarez.mx\/historico\/wp-json\/wp\/v2\/posts"}],"about":[{"href":"https:\/\/plazajuarez.mx\/historico\/wp-json\/wp\/v2\/types\/post"}],"author":[{"embeddable":true,"href":"https:\/\/plazajuarez.mx\/historico\/wp-json\/wp\/v2\/users\/93"}],"replies":[{"embeddable":true,"href":"https:\/\/plazajuarez.mx\/historico\/wp-json\/wp\/v2\/comments?post=32003"}],"version-history":[{"count":0,"href":"https:\/\/plazajuarez.mx\/historico\/wp-json\/wp\/v2\/posts\/32003\/revisions"}],"wp:attachment":[{"href":"https:\/\/plazajuarez.mx\/historico\/wp-json\/wp\/v2\/media?parent=32003"}],"wp:term":[{"taxonomy":"category","embeddable":true,"href":"https:\/\/plazajuarez.mx\/historico\/wp-json\/wp\/v2\/categories?post=32003"},{"taxonomy":"post_tag","embeddable":true,"href":"https:\/\/plazajuarez.mx\/historico\/wp-json\/wp\/v2\/tags?post=32003"}],"curies":[{"name":"wp","href":"https:\/\/api.w.org\/{rel}","templated":true}]}}