{"id":3200,"date":"2015-04-03T06:00:00","date_gmt":"2015-04-03T06:00:00","guid":{"rendered":"http:\/\/plazajuarez.mx\/index\/index.php\/2015\/04\/03\/miles-de-mexicanos-mueren-en-medio-de-la-violencia-mas-demencial-norberto-rivera\/"},"modified":"2015-04-03T06:00:00","modified_gmt":"2015-04-03T06:00:00","slug":"miles-de-mexicanos-mueren-en-medio-de-la-violencia-mas-demencial-norberto-rivera","status":"publish","type":"post","link":"https:\/\/plazajuarez.mx\/historico\/miles-de-mexicanos-mueren-en-medio-de-la-violencia-mas-demencial-norberto-rivera\/","title":{"rendered":"Miles de mexicanos mueren en medio de la  violencia m\u00e1s &#8220;demencial&#8221;: Norberto Rivera"},"content":{"rendered":"<p>M\u00e9xico, D.F.- El cardenal Norberto Rivera Carrera lament\u00f3 que M\u00e9xico se encuentre sumido en la \u201cesclavitud del crimen\u201d y a\u00f1adi\u00f3 que derivado de esa situaci\u00f3n \u201cson miles de personas las que mueren en medio de la violencia m\u00e1s demencial y diab\u00f3lica\u201d.<\/p>\n<p>  <!--more-->  <\/p>\n<p>\u00a0<\/p>\n<p>Al encabezar la misa crismal en el contexto de la Semana Santa, el tambi\u00e9n arzobispo primado de M\u00e9xico dijo que debido a la violencia y la inseguridad que genera el crimen organizado, en el pa\u00eds hay \u201ctantas familias destrozadas, tanto dolor sin consuelo, tanto menosprecio de la dignidad de la persona humana y todo esto a causa de la ambici\u00f3n desmedida de riqueza y de poder\u201d.<\/p>\n<p>Rivera Carrera critic\u00f3 la existencia de \u201cfalsos \u00eddolos que no dan lo que prometen sino que quitan la vida a sus adoradores\u201d y a\u00f1adi\u00f3 que aunado a todo esto el pa\u00eds sufre otra esclavitud: la corrupci\u00f3n\u201d, la cual calific\u00f3 como la actitud \u201cm\u00e1s escandalosa de ellas\u201d.<\/p>\n<p>Ante cientos de fieles que colmaron ayer la Catedral Metropolitana, el jerarca coment\u00f3 que \u201cpor desgracia ciudadanos de los m\u00e1s diversos sectores parecen olvidar que el dinero que nutre sus excesos ha sido robado a los pobres, por lo que es un pecado que clama al cielo y que no tiene perd\u00f3n, si no se repara el da\u00f1o, si no se devuelve el dinero cuyo fin p\u00fablico es aliviar la pobreza, la enfermedad y las necesidades m\u00e1s b\u00e1sicas de miles de personas que no tienen lo m\u00ednimo para vivir dignamente\u201d.<\/p>\n<p>Record\u00f3 palabras del pont\u00edfice Francisco respecto a la corrupci\u00f3n: \u201cel papa Francisco lo ha repetido muchas veces, no es compatible la corrupci\u00f3n con la fe cristiana\u201d.<\/p>\n<p>En el d\u00eda en que los sacerdotes renuevan sus promesas sacerdotales, el cardenal record\u00f3 a los presb\u00edteros que est\u00e1n llamados a cumplir con la \u201cmisi\u00f3n de Jes\u00fas, es decir anunciar con entusiasmo que la buena nueva, llevar\u00e1 a los pobres un mensaje de salvaci\u00f3n, ser ministros de misericordia, de paz y de perd\u00f3n. (Agencias)<\/p>\n","protected":false},"excerpt":{"rendered":"<p>M\u00e9xico, D.F.- El cardenal Norberto Rivera Carrera lament\u00f3 que M\u00e9xico se encuentre sumido en la \u201cesclavitud del crimen\u201d y a\u00f1adi\u00f3 que derivado de esa situaci\u00f3n \u201cson miles de personas las que mueren en medio de la violencia m\u00e1s demencial y diab\u00f3lica\u201d.<\/p>\n","protected":false},"author":93,"featured_media":0,"comment_status":"open","ping_status":"open","sticky":false,"template":"","format":"standard","meta":{"footnotes":""},"categories":[36],"tags":[],"class_list":["post-3200","post","type-post","status-publish","format-standard","hentry","category-nacion"],"_links":{"self":[{"href":"https:\/\/plazajuarez.mx\/historico\/wp-json\/wp\/v2\/posts\/3200","targetHints":{"allow":["GET"]}}],"collection":[{"href":"https:\/\/plazajuarez.mx\/historico\/wp-json\/wp\/v2\/posts"}],"about":[{"href":"https:\/\/plazajuarez.mx\/historico\/wp-json\/wp\/v2\/types\/post"}],"author":[{"embeddable":true,"href":"https:\/\/plazajuarez.mx\/historico\/wp-json\/wp\/v2\/users\/93"}],"replies":[{"embeddable":true,"href":"https:\/\/plazajuarez.mx\/historico\/wp-json\/wp\/v2\/comments?post=3200"}],"version-history":[{"count":0,"href":"https:\/\/plazajuarez.mx\/historico\/wp-json\/wp\/v2\/posts\/3200\/revisions"}],"wp:attachment":[{"href":"https:\/\/plazajuarez.mx\/historico\/wp-json\/wp\/v2\/media?parent=3200"}],"wp:term":[{"taxonomy":"category","embeddable":true,"href":"https:\/\/plazajuarez.mx\/historico\/wp-json\/wp\/v2\/categories?post=3200"},{"taxonomy":"post_tag","embeddable":true,"href":"https:\/\/plazajuarez.mx\/historico\/wp-json\/wp\/v2\/tags?post=3200"}],"curies":[{"name":"wp","href":"https:\/\/api.w.org\/{rel}","templated":true}]}}