{"id":3199,"date":"2015-04-03T06:00:00","date_gmt":"2015-04-03T06:00:00","guid":{"rendered":"http:\/\/plazajuarez.mx\/index\/index.php\/2015\/04\/03\/nuevo-recorte-presupuestal-deprimira-crecimiento-prd\/"},"modified":"2015-04-03T06:00:00","modified_gmt":"2015-04-03T06:00:00","slug":"nuevo-recorte-presupuestal-deprimira-crecimiento-prd","status":"publish","type":"post","link":"https:\/\/plazajuarez.mx\/historico\/nuevo-recorte-presupuestal-deprimira-crecimiento-prd\/","title":{"rendered":"Nuevo recorte presupuestal  deprimir\u00e1 crecimiento: PRD"},"content":{"rendered":"<p>M\u00e9xico, D.F.- El coordinador del PRD en la C\u00e1mara de Diputados, Miguel Alonso Raya, asegur\u00f3 que el segundo recorte presupuestal de 135 mil millones de pesos contemplado para 2016 impactar\u00e1 en el crecimiento del pa\u00eds, en la inversi\u00f3n, expectativas de crecimiento del mercado interno y la econom\u00eda.<\/p>\n<p>  <!--more-->  <\/p>\n<p>\u00a0<\/p>\n<p>El recorte de 2015 de 124 mil millones y el que se anuncia ahora para 2016 por 135 mil millones, lo \u00fanico que va a lograr es deprimir todav\u00eda m\u00e1s las expectativas de crecimiento, asegur\u00f3 el perredista.<\/p>\n<p>Record\u00f3 que en 2014, en el que no hubo recortes, el Producto Interno Bruto s\u00f3lo creci\u00f3 2.2%, abajo del promedio hist\u00f3rico de los \u00faltimos 20 a\u00f1os; y en los criterios de pol\u00edtica econ\u00f3mica 2015, hacienda estim\u00f3 un crecimiento de 3.7% del PIB pero muchos especialistas y acad\u00e9micos estiman que el crecimiento estar\u00e1 por abajo del 3%.<\/p>\n<p>Para 2016, precis\u00f3 el coordinador, Hacienda estima un rango de crecimiento del PIB entre 3.3 y 4.3%, pero en paralelo se anuncia un segundo importante recorte y se instrumenta una agresiva reingenier\u00eda del gasto, que pretende redimensionar las instituciones, funciones y responsabilidades del Estado. De acuerdo con Alonso Raya la econom\u00eda mexicana necesita crecer por arriba del 5% anual.<\/p>\n<p>En contraparte a las perspectivas de las principales variables macroecon\u00f3micas, el Banco de M\u00e9xico sigue ofertando d\u00f3lares (alrededor de 600 millones de d\u00f3lares), para intentar estabilizar el tipo de cambio, afectando las reservas del banco central; mientras que el d\u00f3lar se cotiza por arriba de 15 pesos y a pesar del tipo de cambio de 14.50 pesos estimado para 2016, apunt\u00f3.<\/p>\n<p>A\u00f1adi\u00f3, que \u201cla Secretar\u00eda de Hacienda act\u00faa de una forma poco responsable con la instrumentaci\u00f3n de los recortes porque lo primero que producen en la econom\u00eda nacional, es que los agentes econ\u00f3micos reduzcan todav\u00eda m\u00e1s sus expectativas de inversi\u00f3n, bajando la confianza y percepci\u00f3n de los consumidores e inversionistas nacionales y extranjeros. \u00a0(Agencias)<\/p>\n","protected":false},"excerpt":{"rendered":"<p>M\u00e9xico, D.F.- El coordinador del PRD en la C\u00e1mara de Diputados, Miguel Alonso Raya, asegur\u00f3 que el segundo recorte presupuestal de 135 mil millones de pesos contemplado para 2016 impactar\u00e1 en el crecimiento del pa\u00eds, en la inversi\u00f3n, expectativas de crecimiento del mercado interno y la econom\u00eda.<\/p>\n","protected":false},"author":93,"featured_media":0,"comment_status":"open","ping_status":"open","sticky":false,"template":"","format":"standard","meta":{"footnotes":""},"categories":[36],"tags":[],"class_list":["post-3199","post","type-post","status-publish","format-standard","hentry","category-nacion"],"_links":{"self":[{"href":"https:\/\/plazajuarez.mx\/historico\/wp-json\/wp\/v2\/posts\/3199","targetHints":{"allow":["GET"]}}],"collection":[{"href":"https:\/\/plazajuarez.mx\/historico\/wp-json\/wp\/v2\/posts"}],"about":[{"href":"https:\/\/plazajuarez.mx\/historico\/wp-json\/wp\/v2\/types\/post"}],"author":[{"embeddable":true,"href":"https:\/\/plazajuarez.mx\/historico\/wp-json\/wp\/v2\/users\/93"}],"replies":[{"embeddable":true,"href":"https:\/\/plazajuarez.mx\/historico\/wp-json\/wp\/v2\/comments?post=3199"}],"version-history":[{"count":0,"href":"https:\/\/plazajuarez.mx\/historico\/wp-json\/wp\/v2\/posts\/3199\/revisions"}],"wp:attachment":[{"href":"https:\/\/plazajuarez.mx\/historico\/wp-json\/wp\/v2\/media?parent=3199"}],"wp:term":[{"taxonomy":"category","embeddable":true,"href":"https:\/\/plazajuarez.mx\/historico\/wp-json\/wp\/v2\/categories?post=3199"},{"taxonomy":"post_tag","embeddable":true,"href":"https:\/\/plazajuarez.mx\/historico\/wp-json\/wp\/v2\/tags?post=3199"}],"curies":[{"name":"wp","href":"https:\/\/api.w.org\/{rel}","templated":true}]}}