{"id":3196,"date":"2015-04-03T06:00:00","date_gmt":"2015-04-03T06:00:00","guid":{"rendered":"http:\/\/plazajuarez.mx\/index\/index.php\/2015\/04\/03\/exigen-renuncia-de-korenfeld-por-usar-helicoptero\/"},"modified":"2015-04-03T06:00:00","modified_gmt":"2015-04-03T06:00:00","slug":"exigen-renuncia-de-korenfeld-por-usar-helicoptero","status":"publish","type":"post","link":"https:\/\/plazajuarez.mx\/historico\/exigen-renuncia-de-korenfeld-por-usar-helicoptero\/","title":{"rendered":"Exigen renuncia de Korenfeld por usar helic\u00f3ptero"},"content":{"rendered":"<p>M\u00e9xico, D.F.- La bancada del PAN en la C\u00e1mara de Diputados exigi\u00f3 la renuncia inmediata del titular de la Comisi\u00f3n Nacional del Agua (Conagua), David Korenfeld, por el uso del helic\u00f3ptero de la dependencia para servicio particular de su familia.<\/p>\n<p>  <!--more-->  <\/p>\n<p>\u00a0<\/p>\n<p>Los diputados federales Fernando Rodr\u00edguez Doval y Juan Pablo Adame Alem\u00e1n, ambos del Partido Acci\u00f3n Nacional (PAN), consideraron como ingenua y hasta insuficiente la &#8220;disculpa&#8221; \u200eque ofreci\u00f3 el funcionario federal.<\/p>\n<p>&#8220;Corrupci\u00f3n es la utilizaci\u00f3n de bienes p\u00fablicos para obtener beneficios privados. Eso es lo que hizo David Korenfeld con el helic\u00f3ptero de la Conagua&#8221;, asever\u00f3 el diputado Rodr\u00edguez Doval, mientras que el diputado Juan Pablo Adame sostuvo que &#8220;este servidor p\u00fablico debe separarse del cargo y no causarle m\u00e1s problemas al presidente Enrique Pe\u00f1a Nieto&#8221;.<\/p>\n<p>Los legisladores consideraron que si la &#8220;amenaza&#8221; de &#8220;#LadyProfeco&#8221; (Andrea Ben\u00edtez) en un restaurante cost\u00f3 el puesto a su padre, el titular de la Procuradur\u00eda Federal del Consumidor (Humberto Ben\u00edtez Trevi\u00f1o), es ingenuo pensar que por un acto de corrupci\u00f3n donde el titular de Conagua estuvo directamente involucrado no se aplique la misma medida.<\/p>\n<p>En este sentido, Adame Alem\u00e1n y Rodr\u00edguez Doval aprovecharon el nuevo esc\u00e1ndalo para hacer un diagn\u00f3stico de la gesti\u00f3n de Virgilio Andrade al frente de la Secretar\u00eda de la Funci\u00f3n P\u00fablica (SFP). \u00a0&#8220;Hace dos meses el presidente de la Rep\u00fablica nombr\u00f3 como titular de la Secretar\u00eda de la Funci\u00f3n P\u00fablica a uno de sus amigos: Virgilio Andrade. Hoy, a dos meses de distancia, vemos que esta f\u00f3rmula, la de amigos m\u00e1s la responsabilidad de vigilar que los servidores p\u00fablicos federales se apeguen a la legalidad, simplemente no funciona&#8221;, comentaron. \u00a0(Agencias)<\/p>\n","protected":false},"excerpt":{"rendered":"<p>M\u00e9xico, D.F.- La bancada del PAN en la C\u00e1mara de Diputados exigi\u00f3 la renuncia inmediata del titular de la Comisi\u00f3n Nacional del Agua (Conagua), David Korenfeld, por el uso del helic\u00f3ptero de la dependencia para servicio particular de su familia.<\/p>\n","protected":false},"author":93,"featured_media":0,"comment_status":"open","ping_status":"open","sticky":false,"template":"","format":"standard","meta":{"footnotes":""},"categories":[36],"tags":[],"class_list":["post-3196","post","type-post","status-publish","format-standard","hentry","category-nacion"],"_links":{"self":[{"href":"https:\/\/plazajuarez.mx\/historico\/wp-json\/wp\/v2\/posts\/3196","targetHints":{"allow":["GET"]}}],"collection":[{"href":"https:\/\/plazajuarez.mx\/historico\/wp-json\/wp\/v2\/posts"}],"about":[{"href":"https:\/\/plazajuarez.mx\/historico\/wp-json\/wp\/v2\/types\/post"}],"author":[{"embeddable":true,"href":"https:\/\/plazajuarez.mx\/historico\/wp-json\/wp\/v2\/users\/93"}],"replies":[{"embeddable":true,"href":"https:\/\/plazajuarez.mx\/historico\/wp-json\/wp\/v2\/comments?post=3196"}],"version-history":[{"count":0,"href":"https:\/\/plazajuarez.mx\/historico\/wp-json\/wp\/v2\/posts\/3196\/revisions"}],"wp:attachment":[{"href":"https:\/\/plazajuarez.mx\/historico\/wp-json\/wp\/v2\/media?parent=3196"}],"wp:term":[{"taxonomy":"category","embeddable":true,"href":"https:\/\/plazajuarez.mx\/historico\/wp-json\/wp\/v2\/categories?post=3196"},{"taxonomy":"post_tag","embeddable":true,"href":"https:\/\/plazajuarez.mx\/historico\/wp-json\/wp\/v2\/tags?post=3196"}],"curies":[{"name":"wp","href":"https:\/\/api.w.org\/{rel}","templated":true}]}}