{"id":3195,"date":"2015-04-03T06:00:00","date_gmt":"2015-04-03T06:00:00","guid":{"rendered":"http:\/\/plazajuarez.mx\/index\/index.php\/2015\/04\/03\/el-papa-francisco-critica-a-los-sacerdotes-aburridos-y-con-cara-de-vinagre\/"},"modified":"2015-04-03T06:00:00","modified_gmt":"2015-04-03T06:00:00","slug":"el-papa-francisco-critica-a-los-sacerdotes-aburridos-y-con-cara-de-vinagre","status":"publish","type":"post","link":"https:\/\/plazajuarez.mx\/historico\/el-papa-francisco-critica-a-los-sacerdotes-aburridos-y-con-cara-de-vinagre\/","title":{"rendered":"El Papa Francisco critica a los sacerdotes \u00ababurridos\u00bb y con \u00abcara de vinagre\u00bb"},"content":{"rendered":"<ul>\n<li><strong><strong>Se\u00f1al\u00f3 que los curas deben mostrarse con una sonrisa y cercano: \u00abNada que ver con esos que huelen a perfume caro y te miran de lejos y desde arriba\u00bb<\/strong><\/strong> <!--more--> <\/li>\n<\/ul>\n<p>Ciudad del Vaticano.-\u00a0 El Papa Francisco record\u00f3 ayer que los sacerdotes no pueden ser \u00abpastores con cara de vinagre, quejosos ni, lo que es peor, pastores aburridos\u00bb, durante la homil\u00eda de la misa Crismal del Jueves Santo que celebr\u00f3 en la bas\u00edlica de San Pedro.<\/p>\n<p>La misa rememora \u00abel d\u00eda de la instituci\u00f3n del sacerdocio\u00bb y por ello la homil\u00eda del papa, como en anteriores Jueves Santos, estuvo dedicada a consejos para sacerdotes y a la \u00abbelleza\u00bb del cansancio por dedicarse a los fieles.<\/p>\n<p>El Papa explic\u00f3 c\u00f3mo todo este servicio y cercan\u00eda a la gente cansa, pero, se\u00f1al\u00f3, \u00abes cansancio del bueno, cansancio lleno de frutos y de alegr\u00eda\u00bb.<\/p>\n<p>\u00abEl pueblo fiel no nos deja sin tarea directa, salvo que uno se esconda en una oficina o ande por la ciudad en un auto con vidrios polarizados\u00bb, asever\u00f3.<\/p>\n<p>Pero a pesar de esta fatiga, el papa indic\u00f3 a los sacerdotes que no pueden ser \u00abpastores con cara de vinagre, quejosos ni, lo que es peor, pastores aburridos\u00bb. Y reiter\u00f3 la necesidad de pastores \u00abcon olor a oveja\u00bb y \u00absonrisa de padre\u00bb.<\/p>\n<p>\u00abNada que ver con esos que huelen a perfume caro y te miran de lejos y desde arriba\u00bb, agreg\u00f3.<\/p>\n<p>El Papa inici\u00f3 su homil\u00eda con una confesi\u00f3n: \u00abSab\u00e9is cuantas veces pienso en el cansancio. El cansancio de todos vosotros. Pienso mucho y rezo por ello a menudo, especialmente cuando el que est\u00e1 cansado soy yo\u00bb.<\/p>\n<p>\u00abNuestra fatiga es preciosa a los ojos de Jes\u00fas, que nos acoge y nos pone de pie\u00bb, asegur\u00f3 el Papa en la primera ceremonia del llamado \u00abTriduo Pasqual\u00bb, el periodo de tiempo en el que los cat\u00f3licos conmemoran la pasi\u00f3n, muerte y resurrecci\u00f3n de Cristo.<\/p>\n<p>Tambi\u00e9n inst\u00f3 el pont\u00edfice a los sacerdotes \u00abno s\u00f3lo a hacer el bien, con toda la fatiga que conlleva, sino que hay que defender al reba\u00f1o y defenderse uno mismo contra el mal\u00bb. \u00abEl maligno es m\u00e1s astuto que nosotros y es capaz de tirar abajo en un momento lo que construimos con paciencia durante largo tiempo\u00bb. Les recomend\u00f3 que ante ello \u00abhay que aprender a neutralizar el mal\u00bb y \u00abno arrancar la ciza\u00f1a, no pretender defender como superhombres lo que s\u00f3lo el Se\u00f1or tiene que defender\u00bb. (Agencias)<\/p>\n","protected":false},"excerpt":{"rendered":"<p>Se\u00f1al\u00f3 que los curas deben mostrarse con una sonrisa y cercano: \u00abNada que ver con esos que huelen a perfume caro y te miran de lejos y desde arriba\u00bb<\/p>\n","protected":false},"author":93,"featured_media":0,"comment_status":"open","ping_status":"open","sticky":false,"template":"","format":"standard","meta":{"footnotes":""},"categories":[31],"tags":[],"class_list":["post-3195","post","type-post","status-publish","format-standard","hentry","category-orbe"],"_links":{"self":[{"href":"https:\/\/plazajuarez.mx\/historico\/wp-json\/wp\/v2\/posts\/3195","targetHints":{"allow":["GET"]}}],"collection":[{"href":"https:\/\/plazajuarez.mx\/historico\/wp-json\/wp\/v2\/posts"}],"about":[{"href":"https:\/\/plazajuarez.mx\/historico\/wp-json\/wp\/v2\/types\/post"}],"author":[{"embeddable":true,"href":"https:\/\/plazajuarez.mx\/historico\/wp-json\/wp\/v2\/users\/93"}],"replies":[{"embeddable":true,"href":"https:\/\/plazajuarez.mx\/historico\/wp-json\/wp\/v2\/comments?post=3195"}],"version-history":[{"count":0,"href":"https:\/\/plazajuarez.mx\/historico\/wp-json\/wp\/v2\/posts\/3195\/revisions"}],"wp:attachment":[{"href":"https:\/\/plazajuarez.mx\/historico\/wp-json\/wp\/v2\/media?parent=3195"}],"wp:term":[{"taxonomy":"category","embeddable":true,"href":"https:\/\/plazajuarez.mx\/historico\/wp-json\/wp\/v2\/categories?post=3195"},{"taxonomy":"post_tag","embeddable":true,"href":"https:\/\/plazajuarez.mx\/historico\/wp-json\/wp\/v2\/tags?post=3195"}],"curies":[{"name":"wp","href":"https:\/\/api.w.org\/{rel}","templated":true}]}}