{"id":31945,"date":"2016-11-17T15:29:17","date_gmt":"2016-11-17T15:29:17","guid":{"rendered":"http:\/\/plazajuarez.mx\/index\/index.php\/2016\/11\/17\/futbol-nacional-587\/"},"modified":"2016-11-17T15:29:17","modified_gmt":"2016-11-17T15:29:17","slug":"futbol-nacional-587","status":"publish","type":"post","link":"https:\/\/plazajuarez.mx\/historico\/futbol-nacional-587\/","title":{"rendered":"Futbol Nacional"},"content":{"rendered":"<p>#COPA LIBERTADORES<br \/>Una apu\u00f1alada al futbol mexicano <br \/>\u25cf\u00a0\u00a0\u00a0 La salida de M\u00e9xico del torneo continental se debe, seg\u00fan afirm\u00f3 Enrique Bonilla, presidente de la Liga MX, a problemas de calendarizaci\u00f3n. Conmebol fij\u00f3 su competici\u00f3n de febrero a noviembre de 2017, lo que se empalma con el torneo de Liga, de Copa y de Concacaf.<br \/>DATO<br \/>CRUZ AZUL, CHIVAS Y TIGRES FUERON LOS EQUIPOS QUE ESTUVIERON CERCA DE LA GLORIA.<\/p>\n<p>  <!--more-->  <\/p>\n<p>Aquel sue\u00f1o que los equipos mexicanos ten\u00edan de ir a conquistar el Cono Sur del continente americano se esfum\u00f3. La inminente salida de los clubes de la Liga MX de la Copa Libertadores pondr\u00e1 fin a 18 a\u00f1os de participaci\u00f3n tricolor.<br \/>S\u00f3lo quedan los tres subcampeonatos obtenidos por Cruz Azul, Guadalajara y Tigres. <br \/>\u201cEs una pu\u00f1alada al futbol mexicano salir de la Libertadores\u201d, describe tajante Emilio Maurer, quien fuera vicepresidente de la Federaci\u00f3n Mexicana de Futbol (FMF) a inicios de la d\u00e9cada de los 90 y pilar en el acceso de las franquicias nacionales al balompi\u00e9 sudamericano.<br \/>\u201cResulta una tonter\u00eda casarse con la Concacaf, que es la zona menos competitiva del mundo del futbol y donde estamos contentos, porque le ganamos a la peor Estados Unidos y empatamos con Panam\u00e1\u201d, remata.<br \/>La salida de M\u00e9xico del torneo continental se debe, seg\u00fan afirm\u00f3 Enrique Bonilla, presidente de la Liga MX, a problemas de calendarizaci\u00f3n. Conmebol fij\u00f3 su competici\u00f3n de febrero a noviembre de 2017, lo que se empalma con el torneo de Liga, de Copa y de Concacaf.<br \/>Maurer reclama que se haya dejado de lado el tema deportivo y \u201cs\u00f3lo se busque la ganancia econ\u00f3mica ante todo\u201d.<br \/>\u201cMientras le televisora que maneja el futbol mexicano, porque nadie m\u00e1s maneja la Federaci\u00f3n Mexicana de Futbol, domine, no habr\u00e1 progreso en este deporte\u201d, afirma.<br \/>\u201cEs incre\u00edble que no podamos agarrar un calendario y no podamos adecuarlo como sucede en Europa. All\u00e1 pueden jugar entre tres y hasta cuatro competencias al mismo tiempo\u201d, enfatiza Maurer.<br \/>El ex federativo, incluso, califica que \u201co somos ciegos o somos imb\u00e9ciles\u201d al dejar la Libertadores que \u201caument\u00f3 en mucho el nivel del futbol mexicano, con respecto de lo que antes se ten\u00eda.<br \/>**<\/p>\n<p>#CHIVAS<br \/>Mat\u00edas Almeyda ve p\u00e9rdida de Conmebol<br \/>Los altos mandos del Club Guadalajara est\u00e1n molestos con la salida de M\u00e9xico de la Copa Libertadores.<br \/>Mat\u00edas Almeyda, t\u00e9cnico de Chivas, expres\u00f3 que en este caso, el perdedor es Conmebol.<br \/>\u201cEs una pena, porque Sudam\u00e9rica pierde futbol. La oportunidad de enfrentar clubes, jugadores y entrenadores que est\u00e1n jerarquizados por sociedades\u201d.<br \/>En conferencia de prensa, el argentino dijo que la Libertadores ya no est\u00e1 en su mente.<br \/>Por su parte, Jorge Vergara, due\u00f1o del club, manifest\u00f3 que es un fracaso para Conmebol. <br \/>\u201cPierden dinero, afici\u00f3n y espectacularidad\u201d, dijo el empresario al portal mediotiempo.com <br \/>El CEO de Chivas, Jos\u00e9 Luis Higuera, acept\u00f3 que el torneo es muy importante para el pa\u00eds, pero destac\u00f3 que lo m\u00e1s importante es la Liga MX. <br \/>\u201cNuestra competici\u00f3n est\u00e1 en el Top 10 y tenemos que cuidar nuestros planteles y nuestro prestigio. Hay pa\u00edses [en Sudam\u00e9rica] que sus ligas son muy limitadas\u201d, y que por eso juegan en la Copa. <\/p>\n","protected":false},"excerpt":{"rendered":"<p>#COPA LIBERTADORESUna apu\u00f1alada al futbol mexicano \u25cf\u00a0\u00a0\u00a0 La salida de M\u00e9xico del torneo continental se debe, seg\u00fan afirm\u00f3 Enrique Bonilla, presidente de la Liga MX, a problemas de calendarizaci\u00f3n. Conmebol fij\u00f3 su competici\u00f3n de febrero a noviembre de 2017, lo que se empalma con el torneo de Liga, de Copa y de Concacaf.DATOCRUZ AZUL, CHIVAS [&hellip;]<\/p>\n","protected":false},"author":93,"featured_media":0,"comment_status":"open","ping_status":"open","sticky":false,"template":"","format":"standard","meta":{"footnotes":""},"categories":[39],"tags":[],"class_list":["post-31945","post","type-post","status-publish","format-standard","hentry","category-deportiva"],"_links":{"self":[{"href":"https:\/\/plazajuarez.mx\/historico\/wp-json\/wp\/v2\/posts\/31945","targetHints":{"allow":["GET"]}}],"collection":[{"href":"https:\/\/plazajuarez.mx\/historico\/wp-json\/wp\/v2\/posts"}],"about":[{"href":"https:\/\/plazajuarez.mx\/historico\/wp-json\/wp\/v2\/types\/post"}],"author":[{"embeddable":true,"href":"https:\/\/plazajuarez.mx\/historico\/wp-json\/wp\/v2\/users\/93"}],"replies":[{"embeddable":true,"href":"https:\/\/plazajuarez.mx\/historico\/wp-json\/wp\/v2\/comments?post=31945"}],"version-history":[{"count":0,"href":"https:\/\/plazajuarez.mx\/historico\/wp-json\/wp\/v2\/posts\/31945\/revisions"}],"wp:attachment":[{"href":"https:\/\/plazajuarez.mx\/historico\/wp-json\/wp\/v2\/media?parent=31945"}],"wp:term":[{"taxonomy":"category","embeddable":true,"href":"https:\/\/plazajuarez.mx\/historico\/wp-json\/wp\/v2\/categories?post=31945"},{"taxonomy":"post_tag","embeddable":true,"href":"https:\/\/plazajuarez.mx\/historico\/wp-json\/wp\/v2\/tags?post=31945"}],"curies":[{"name":"wp","href":"https:\/\/api.w.org\/{rel}","templated":true}]}}