{"id":3194,"date":"2015-04-03T06:00:00","date_gmt":"2015-04-03T06:00:00","guid":{"rendered":"http:\/\/plazajuarez.mx\/index\/index.php\/2015\/04\/03\/lubitz-busco-informacion-en-internet-sobre-como-suicidarse\/"},"modified":"2015-04-03T06:00:00","modified_gmt":"2015-04-03T06:00:00","slug":"lubitz-busco-informacion-en-internet-sobre-como-suicidarse","status":"publish","type":"post","link":"https:\/\/plazajuarez.mx\/historico\/lubitz-busco-informacion-en-internet-sobre-como-suicidarse\/","title":{"rendered":"Lubitz busc\u00f3 informaci\u00f3n en  Internet sobre c\u00f3mo suicidarse"},"content":{"rendered":"<ul>\n<li><strong>Tambi\u00e9n de c\u00f3mo bloquear las puertas de la cabina el d\u00eda antes de la tragedia<\/strong><\/li>\n<li><strong><strong>El an\u00e1lisis del ordenador incautado en su domicilio revela estos datos<\/strong><\/strong> <!--more--> \u00a0<\/li>\n<\/ul>\n<p>M\u00fanich.- Avanza la investigaci\u00f3n y cada vez parecen m\u00e1s claros los motivos del accidente de Germanwings. Andreas Lubitz, copiloto del Airbus 320 que se estrell\u00f3 en los Alpes franceses, seg\u00fan la Fiscal\u00eda de D\u00fcsseldorf, habr\u00eda buscado, antes de subirse al avi\u00f3n el pasado 24 de marzo, c\u00f3mo suicidarse, as\u00ed como posibles m\u00e9todos para hacerlo y los mecanismos de seguridad de la cabina. Es decir, c\u00f3mo bloquear la puerta.<\/p>\n<p>La informaci\u00f3n se ha dado a conocer tras analizar las b\u00fasquedas realizadas por el copiloto en su &#8216;tablet&#8217; entre el 16 y el 23 de marzo, en los d\u00edas previos a que se estrellara el Airbus 320 de Germanwings. En esos mismos d\u00edas, Lubitz tambi\u00e9n busc\u00f3 todo lo relativo a las medidas de seguridad de la cabina de vuelo: mir\u00f3 &#8220;durante varios minutos&#8221; c\u00f3mo bloquear las puertas, as\u00ed como toda la informaci\u00f3n necesaria para encerrarse y no dejar entrar a nadie.<\/p>\n<p>Las grabaciones de la primera caja negra, dadas a conocer por la Fiscal\u00eda francesa, apuntaban a que Lubitz bloque\u00f3 la puerta dentro para quedarse solo, poder programar el descenso y estrellar el avi\u00f3n. Eso confirm\u00f3 tambi\u00e9n la publicaci\u00f3n &#8216;Paris Match&#8217; que, a trav\u00e9s de un v\u00eddeo, public\u00f3 el minutado integro de lo que ocurri\u00f3 en el vuelo. En esta grabaci\u00f3n se escucha c\u00f3mo Lubitz le dice a Patrick Sodenheimer, comandante del vuelo, que se fuera al ba\u00f1o sin preocuparse.<\/p>\n<p>Este \u00faltimo dato, revelado al mismo tiempo que se encontraba la segunda caja negra en los Alpes franceses, podr\u00eda confirmar que Lubitz tuvo intenci\u00f3n de estrellar el avi\u00f3n de Germanwings con los 144 pasajeros y el resto de miembros de la tripulaci\u00f3n. Todo, con el objetivo de quitarse la vida. (Agencias)<\/p>\n","protected":false},"excerpt":{"rendered":"<p>Tambi\u00e9n de c\u00f3mo bloquear las puertas de la cabina el d\u00eda antes de la tragedia El an\u00e1lisis del ordenador incautado en su domicilio revela estos datos<\/p>\n","protected":false},"author":93,"featured_media":0,"comment_status":"open","ping_status":"open","sticky":false,"template":"","format":"standard","meta":{"footnotes":""},"categories":[31],"tags":[],"class_list":["post-3194","post","type-post","status-publish","format-standard","hentry","category-orbe"],"_links":{"self":[{"href":"https:\/\/plazajuarez.mx\/historico\/wp-json\/wp\/v2\/posts\/3194","targetHints":{"allow":["GET"]}}],"collection":[{"href":"https:\/\/plazajuarez.mx\/historico\/wp-json\/wp\/v2\/posts"}],"about":[{"href":"https:\/\/plazajuarez.mx\/historico\/wp-json\/wp\/v2\/types\/post"}],"author":[{"embeddable":true,"href":"https:\/\/plazajuarez.mx\/historico\/wp-json\/wp\/v2\/users\/93"}],"replies":[{"embeddable":true,"href":"https:\/\/plazajuarez.mx\/historico\/wp-json\/wp\/v2\/comments?post=3194"}],"version-history":[{"count":0,"href":"https:\/\/plazajuarez.mx\/historico\/wp-json\/wp\/v2\/posts\/3194\/revisions"}],"wp:attachment":[{"href":"https:\/\/plazajuarez.mx\/historico\/wp-json\/wp\/v2\/media?parent=3194"}],"wp:term":[{"taxonomy":"category","embeddable":true,"href":"https:\/\/plazajuarez.mx\/historico\/wp-json\/wp\/v2\/categories?post=3194"},{"taxonomy":"post_tag","embeddable":true,"href":"https:\/\/plazajuarez.mx\/historico\/wp-json\/wp\/v2\/tags?post=3194"}],"curies":[{"name":"wp","href":"https:\/\/api.w.org\/{rel}","templated":true}]}}