{"id":3193,"date":"2015-04-03T06:00:00","date_gmt":"2015-04-03T06:00:00","guid":{"rendered":"http:\/\/plazajuarez.mx\/index\/index.php\/2015\/04\/03\/encuentran-la-segunda-caja-negra-del-airbus-de-germanwings\/"},"modified":"2015-04-03T06:00:00","modified_gmt":"2015-04-03T06:00:00","slug":"encuentran-la-segunda-caja-negra-del-airbus-de-germanwings","status":"publish","type":"post","link":"https:\/\/plazajuarez.mx\/historico\/encuentran-la-segunda-caja-negra-del-airbus-de-germanwings\/","title":{"rendered":"Encuentran la segunda caja negra  del Airbus de Germanwings"},"content":{"rendered":"<p>La segunda caja negra del Airbus A320 de Germanwings que se estrell\u00f3 el 24 de marzo en Los Alpes franceses fue encontrada ayer, anunci\u00f3 el fiscal de Marsella, Brice Robin.<\/p>\n<p>  <!--more-->  <\/p>\n<p>\u00a0<\/p>\n<p>Esta segunda caja negra, que contiene el registro de los par\u00e1metros de vuelo del avi\u00f3n, fue encontrada por los gendarmes que desde hace diez d\u00edas trabajan en el lugar del accidente donde murieron los 150 ocupantes del vuelo que un\u00eda Barcelona con D\u00fcsseldorf.<\/p>\n<p>La segunda caja negra deber\u00e1 completar los datos obtenidos de la primera, encontrada el d\u00eda mismo del siniestro, y que contiene las grabaciones registradas en la cabina del avi\u00f3n.<\/p>\n<p>El estudio de la segunda caja negra, que recaer\u00e1 en los expertos de la Oficina de Investigaci\u00f3n y An\u00e1lisis (BEA), permitir\u00e1 corroborar la versi\u00f3n de los hechos que se desprende de la primera.<\/p>\n<p>Desde el d\u00eda mismo del accidente, la b\u00fasqueda de la segunda caja era una de las prioridades de los investigadores, pero la violencia del accidente del avi\u00f3n, que se estrell\u00f3 contra la roca a 700 kil\u00f3metros por hora, la mantuvo muy escondida entre los restos de fuselaje.Los investigadores consideran claves los datos que esta caja negra -en la que quedan reflejados los datos del vuelo- pueda aportar al esclarecimiento total de las causas del accidente. (Agencias)<\/p>\n","protected":false},"excerpt":{"rendered":"<p>La segunda caja negra del Airbus A320 de Germanwings que se estrell\u00f3 el 24 de marzo en Los Alpes franceses fue encontrada ayer, anunci\u00f3 el fiscal de Marsella, Brice Robin.<\/p>\n","protected":false},"author":93,"featured_media":0,"comment_status":"open","ping_status":"open","sticky":false,"template":"","format":"standard","meta":{"footnotes":""},"categories":[31],"tags":[],"class_list":["post-3193","post","type-post","status-publish","format-standard","hentry","category-orbe"],"_links":{"self":[{"href":"https:\/\/plazajuarez.mx\/historico\/wp-json\/wp\/v2\/posts\/3193","targetHints":{"allow":["GET"]}}],"collection":[{"href":"https:\/\/plazajuarez.mx\/historico\/wp-json\/wp\/v2\/posts"}],"about":[{"href":"https:\/\/plazajuarez.mx\/historico\/wp-json\/wp\/v2\/types\/post"}],"author":[{"embeddable":true,"href":"https:\/\/plazajuarez.mx\/historico\/wp-json\/wp\/v2\/users\/93"}],"replies":[{"embeddable":true,"href":"https:\/\/plazajuarez.mx\/historico\/wp-json\/wp\/v2\/comments?post=3193"}],"version-history":[{"count":0,"href":"https:\/\/plazajuarez.mx\/historico\/wp-json\/wp\/v2\/posts\/3193\/revisions"}],"wp:attachment":[{"href":"https:\/\/plazajuarez.mx\/historico\/wp-json\/wp\/v2\/media?parent=3193"}],"wp:term":[{"taxonomy":"category","embeddable":true,"href":"https:\/\/plazajuarez.mx\/historico\/wp-json\/wp\/v2\/categories?post=3193"},{"taxonomy":"post_tag","embeddable":true,"href":"https:\/\/plazajuarez.mx\/historico\/wp-json\/wp\/v2\/tags?post=3193"}],"curies":[{"name":"wp","href":"https:\/\/api.w.org\/{rel}","templated":true}]}}