{"id":3192,"date":"2015-04-03T06:00:00","date_gmt":"2015-04-03T06:00:00","guid":{"rendered":"http:\/\/plazajuarez.mx\/index\/index.php\/2015\/04\/03\/iran-asegura-haber-encontrado-parametros-de-soluciones-con-eu-y-la-ue\/"},"modified":"2015-04-03T06:00:00","modified_gmt":"2015-04-03T06:00:00","slug":"iran-asegura-haber-encontrado-parametros-de-soluciones-con-eu-y-la-ue","status":"publish","type":"post","link":"https:\/\/plazajuarez.mx\/historico\/iran-asegura-haber-encontrado-parametros-de-soluciones-con-eu-y-la-ue\/","title":{"rendered":"Ir\u00e1n asegura haber encontrado &#8216;par\u00e1metros de soluciones&#8217; con EU y la UE"},"content":{"rendered":"<p>Las complejas negociaciones acerca de la cuesti\u00f3n nuclear iran\u00ed podr\u00edan marcar una nueva etapa importante con un anuncio de entendimiento, aunque superficial. El ministro de exteriores de Ir\u00e1n, Mohamad Javad Zarif, afirm\u00f3 ayer haber encontrado con EU y la UE los &#8220;par\u00e1metros de soluciones&#8221; para un acuerdo con todo el grupo 5+1 sobre el controvertido programa nuclear persa. Pero a\u00fan falta por comprobar el consenso entre los seis pa\u00edses del grupo, para que esas potenciales claves de un entendimiento puedan ser fijadas por escrito y dadas a conocer en una &#8220;declaraci\u00f3n conjunta&#8221;. Este documento ser\u00eda emitido por el propio Zarif y la Alta Representante de la UE, Federica Mogherini, quien en las actuales negociaciones con Ir\u00e1n oficialmente coordina a las potencias del 5+1 (EU, China, Rusia, Francia, Reino Unido y Alemania). No se descartaba que la declaraci\u00f3n se anunciara ayer, con dos d\u00edas de retraso.<\/p>\n<p>  <!--more-->  <\/p>\n<p>\u00a0<\/p>\n<p>Posiblemente el que se alcance de esta forma sea un entendimiento menos ambicioso y m\u00e1s somero con respecto al pacto sustancial que los seis e Ir\u00e1n se hab\u00edan p\u00fablicamente comprometido a alcanzar dentro del pasado 31 de marzo. De todas formas, en el plazo fijado de los tres los meses venideros quedaran por consensuar los detalles t\u00e9cnicos de aquel &#8220;acuerdo completo&#8221; que pondr\u00eda fin al largo contencioso internacional sobre el programa nuclear de la Rep\u00fablica Isl\u00e1mica. De todas formas, Zarif ha reconoci\u00f3 que negociaciones previstas a este efecto ser\u00e1n &#8220;una tarea dif\u00edcil e inmensa&#8221;. (Agencias)<\/p>\n","protected":false},"excerpt":{"rendered":"<p>Las complejas negociaciones acerca de la cuesti\u00f3n nuclear iran\u00ed podr\u00edan marcar una nueva etapa importante con un anuncio de entendimiento, aunque superficial. El ministro de exteriores de Ir\u00e1n, Mohamad Javad Zarif, afirm\u00f3 ayer haber encontrado con EU y la UE los &#8220;par\u00e1metros de soluciones&#8221; para un acuerdo con todo el grupo 5+1 sobre el controvertido [&hellip;]<\/p>\n","protected":false},"author":93,"featured_media":0,"comment_status":"open","ping_status":"open","sticky":false,"template":"","format":"standard","meta":{"footnotes":""},"categories":[31],"tags":[],"class_list":["post-3192","post","type-post","status-publish","format-standard","hentry","category-orbe"],"_links":{"self":[{"href":"https:\/\/plazajuarez.mx\/historico\/wp-json\/wp\/v2\/posts\/3192","targetHints":{"allow":["GET"]}}],"collection":[{"href":"https:\/\/plazajuarez.mx\/historico\/wp-json\/wp\/v2\/posts"}],"about":[{"href":"https:\/\/plazajuarez.mx\/historico\/wp-json\/wp\/v2\/types\/post"}],"author":[{"embeddable":true,"href":"https:\/\/plazajuarez.mx\/historico\/wp-json\/wp\/v2\/users\/93"}],"replies":[{"embeddable":true,"href":"https:\/\/plazajuarez.mx\/historico\/wp-json\/wp\/v2\/comments?post=3192"}],"version-history":[{"count":0,"href":"https:\/\/plazajuarez.mx\/historico\/wp-json\/wp\/v2\/posts\/3192\/revisions"}],"wp:attachment":[{"href":"https:\/\/plazajuarez.mx\/historico\/wp-json\/wp\/v2\/media?parent=3192"}],"wp:term":[{"taxonomy":"category","embeddable":true,"href":"https:\/\/plazajuarez.mx\/historico\/wp-json\/wp\/v2\/categories?post=3192"},{"taxonomy":"post_tag","embeddable":true,"href":"https:\/\/plazajuarez.mx\/historico\/wp-json\/wp\/v2\/tags?post=3192"}],"curies":[{"name":"wp","href":"https:\/\/api.w.org\/{rel}","templated":true}]}}