{"id":31836,"date":"2016-11-15T14:33:34","date_gmt":"2016-11-15T14:33:34","guid":{"rendered":"http:\/\/plazajuarez.mx\/index\/index.php\/2016\/11\/15\/enrique-iglesias-y-el-playback-que-llamo-la-atencion\/"},"modified":"2016-11-15T14:33:34","modified_gmt":"2016-11-15T14:33:34","slug":"enrique-iglesias-y-el-playback-que-llamo-la-atencion","status":"publish","type":"post","link":"https:\/\/plazajuarez.mx\/historico\/enrique-iglesias-y-el-playback-que-llamo-la-atencion\/","title":{"rendered":"Enrique Iglesias y el &#8216;playback&#8217; que llam\u00f3 la atenci\u00f3n"},"content":{"rendered":"<p>El cantante tuvo una presentaci\u00f3n en la ceremonia de los NRJ Music Awards en Cannes<\/p>\n<p>  <!--more-->  <\/p>\n<p>Una reciente presentaci\u00f3n del cantante espa\u00f1ol Enrique Iglesias llam\u00f3 la atenci\u00f3n por el \u201cplayback\u201d que hizo.<br \/>Iglesias acudi\u00f3 a la ceremonia de los NRJ Music Awards, realizada el s\u00e1bado en Cannes.<br \/>Mientras interpretaba el tema \u201cDuele el coraz\u00f3n\u201d, Iglesias alz\u00f3 los brazos y se acerc\u00f3 al p\u00fablico sin importar que la m\u00fasica sonara con su voz y resultara evidente que no estaba cantando.<br \/>Desde el inicio se not\u00f3 un \u201ceco\u201d que daba a entender que la presentaci\u00f3n no era completamente en vivo.<br \/>Iglesias record\u00f3 el pasado agosto una an\u00e9cdota de una fan que se escondi\u00f3 12 horas para poder conocerlo.<br \/>En julio de este a\u00f1o declar\u00f3 que a\u00fan no recupera la sensibilidad de un dedo en la mano que result\u00f3 afectada por su accidente con un dron, el a\u00f1o pasado.<\/p>\n","protected":false},"excerpt":{"rendered":"<p>El cantante tuvo una presentaci\u00f3n en la ceremonia de los NRJ Music Awards en Cannes<\/p>\n","protected":false},"author":93,"featured_media":0,"comment_status":"open","ping_status":"open","sticky":false,"template":"","format":"standard","meta":{"footnotes":""},"categories":[38],"tags":[],"class_list":["post-31836","post","type-post","status-publish","format-standard","hentry","category-show"],"_links":{"self":[{"href":"https:\/\/plazajuarez.mx\/historico\/wp-json\/wp\/v2\/posts\/31836","targetHints":{"allow":["GET"]}}],"collection":[{"href":"https:\/\/plazajuarez.mx\/historico\/wp-json\/wp\/v2\/posts"}],"about":[{"href":"https:\/\/plazajuarez.mx\/historico\/wp-json\/wp\/v2\/types\/post"}],"author":[{"embeddable":true,"href":"https:\/\/plazajuarez.mx\/historico\/wp-json\/wp\/v2\/users\/93"}],"replies":[{"embeddable":true,"href":"https:\/\/plazajuarez.mx\/historico\/wp-json\/wp\/v2\/comments?post=31836"}],"version-history":[{"count":0,"href":"https:\/\/plazajuarez.mx\/historico\/wp-json\/wp\/v2\/posts\/31836\/revisions"}],"wp:attachment":[{"href":"https:\/\/plazajuarez.mx\/historico\/wp-json\/wp\/v2\/media?parent=31836"}],"wp:term":[{"taxonomy":"category","embeddable":true,"href":"https:\/\/plazajuarez.mx\/historico\/wp-json\/wp\/v2\/categories?post=31836"},{"taxonomy":"post_tag","embeddable":true,"href":"https:\/\/plazajuarez.mx\/historico\/wp-json\/wp\/v2\/tags?post=31836"}],"curies":[{"name":"wp","href":"https:\/\/api.w.org\/{rel}","templated":true}]}}