{"id":31835,"date":"2016-11-15T14:32:37","date_gmt":"2016-11-15T14:32:37","guid":{"rendered":"http:\/\/plazajuarez.mx\/index\/index.php\/2016\/11\/15\/elenco-de-90210-rinde-homenaje-a-shannen-doherty\/"},"modified":"2016-11-15T14:32:37","modified_gmt":"2016-11-15T14:32:37","slug":"elenco-de-90210-rinde-homenaje-a-shannen-doherty","status":"publish","type":"post","link":"https:\/\/plazajuarez.mx\/historico\/elenco-de-90210-rinde-homenaje-a-shannen-doherty\/","title":{"rendered":"Elenco de &#8216;90210&#8217; rinde homenaje a Shannen Doherty"},"content":{"rendered":"<p>La actriz recibe tratamiento por c\u00e1ncer de mama y no particip\u00f3 en la reuni\u00f3n del &#8216;cast&#8217; este fin de semana<\/p>\n<p>  <!--more-->  <\/p>\n<p>Miembros del elenco de &#8220;Beverly Hills, 90210&#8221; rindieron homenaje a su estrella Shannen Doherty.<br \/>Doherty recibe tratamiento por c\u00e1ncer de mama y no particip\u00f3 el fin de semana en una reuni\u00f3n de &#8220;90210&#8221; en la Convenci\u00f3n Rewind en Chicago.<br \/>Luke Perry, cuyo personaje tuvo un romance con el de Doherty, dijo al p\u00fablico el s\u00e1bado que la actriz fue &#8220;una parte muy grande del \u00e9xito de la serie&#8221;. Agreg\u00f3 que Doherty &#8220;no est\u00e1 bien en este momento pero a veces sus contribuciones son minimizadas&#8221;.<br \/>La actriz Jennie Garth elogi\u00f3 a Doherty en Instagram al compartir una foto el s\u00e1bado con la leyenda &#8220;Lucha como una Brenda&#8221;, una referencia al personaje de Doherty en &#8220;90210&#8221;, Brenda Walsh. Garth llam\u00f3 a Doherty la &#8220;mujer m\u00e1s fuerte que jam\u00e1s haya conocido&#8221;.<\/p>\n","protected":false},"excerpt":{"rendered":"<p>La actriz recibe tratamiento por c\u00e1ncer de mama y no particip\u00f3 en la reuni\u00f3n del &#8216;cast&#8217; este fin de semana<\/p>\n","protected":false},"author":93,"featured_media":0,"comment_status":"open","ping_status":"open","sticky":false,"template":"","format":"standard","meta":{"footnotes":""},"categories":[38],"tags":[],"class_list":["post-31835","post","type-post","status-publish","format-standard","hentry","category-show"],"_links":{"self":[{"href":"https:\/\/plazajuarez.mx\/historico\/wp-json\/wp\/v2\/posts\/31835","targetHints":{"allow":["GET"]}}],"collection":[{"href":"https:\/\/plazajuarez.mx\/historico\/wp-json\/wp\/v2\/posts"}],"about":[{"href":"https:\/\/plazajuarez.mx\/historico\/wp-json\/wp\/v2\/types\/post"}],"author":[{"embeddable":true,"href":"https:\/\/plazajuarez.mx\/historico\/wp-json\/wp\/v2\/users\/93"}],"replies":[{"embeddable":true,"href":"https:\/\/plazajuarez.mx\/historico\/wp-json\/wp\/v2\/comments?post=31835"}],"version-history":[{"count":0,"href":"https:\/\/plazajuarez.mx\/historico\/wp-json\/wp\/v2\/posts\/31835\/revisions"}],"wp:attachment":[{"href":"https:\/\/plazajuarez.mx\/historico\/wp-json\/wp\/v2\/media?parent=31835"}],"wp:term":[{"taxonomy":"category","embeddable":true,"href":"https:\/\/plazajuarez.mx\/historico\/wp-json\/wp\/v2\/categories?post=31835"},{"taxonomy":"post_tag","embeddable":true,"href":"https:\/\/plazajuarez.mx\/historico\/wp-json\/wp\/v2\/tags?post=31835"}],"curies":[{"name":"wp","href":"https:\/\/api.w.org\/{rel}","templated":true}]}}