{"id":31738,"date":"2016-11-13T14:45:15","date_gmt":"2016-11-13T14:45:15","guid":{"rendered":"http:\/\/plazajuarez.mx\/index\/index.php\/2016\/11\/13\/el-antidoto-contra-el-miedo\/"},"modified":"2016-11-13T14:45:15","modified_gmt":"2016-11-13T14:45:15","slug":"el-antidoto-contra-el-miedo","status":"publish","type":"post","link":"https:\/\/plazajuarez.mx\/historico\/el-antidoto-contra-el-miedo\/","title":{"rendered":"El ant\u00eddoto contra el miedo\u2026"},"content":{"rendered":"<p>La vida es movimiento, devenir permanente, somos y dejamos de ser; nada es lo mismo que ayer; es m\u00e1s, en este momento somos diferentes a como \u00e9ramos hace un par de horas, aunque el cambio sea imperceptible; luego entonces, si la vida es un cambio permanente, \u00bfpor qu\u00e9 le tenemos miedo al cambio?.<\/p>\n<p>  <!--more-->  <\/p>\n<p>En esta semana que hoy concluye he visto una gran cantidad de sentimientos infundados, tanto de frustraci\u00f3n como de miedo, y todo por un proceso electoral que a los mexicanos ni nos va ni nos viene, me refiero al proceso electoral norteamericano en el que, como todos sabemos, gan\u00f3 Donald Trump.<\/p>\n<p>A partir de ese momento se han soltado una serie de reacciones, muchas de ellas amarillistas y carentes de todo sentido com\u00fan, pero que con el af\u00e1n de protagonismo, hay quienes no dudan en emitir irresponsablemente opiniones sin sustento alguno, tales como el hecho de afirmar que los precios en los tianguis Pachuque\u00f1os est\u00e1n siendo afectados por el triunfo de Trumph, a esas cabecitas locas no se les ha ocurrido pensar que tal vez el alza de algunos productos se deba a las heladas y lluvias de los recientes d\u00edas.<\/p>\n<p>\u00bfPor qu\u00e9 no en lugar de generar miedo preocupante, mejor generamos un impulso ocupante?; si, seguramente el pr\u00f3ximo a\u00f1o nos espera un panorama dif\u00edcil, pero la respuesta debemos buscarla en lo que internamente hicimos o dejamos de hacer en lugar de seguir buscando en otros la culpa de nuestros males.<\/p>\n<p>Ya s\u00e9 que es m\u00e1s c\u00f3modo buscar chivos expiatorios, pero esa es solo una forma de autoenga\u00f1o para seguir sintiendo l\u00e1stima por nosotros mismos y seguir expresando el consabido \u00a1oh, y ahora, qui\u00e9n podr\u00e1 defendernos!; les asegur\u00f3 que no va a venir el Chapul\u00edn Colorado.<\/p>\n<p>Lo que tenemos que hacer para enfrentar tiempos dif\u00edciles es seguir prepar\u00e1ndonos, cada d\u00eda, cada minuto de nuestra existencia, quitarnos ese h\u00e1bito de sumisi\u00f3n y dependencia y colocarnos el traje de emprendedores; el liderazgo es 99% trabajo y 1% de talento, entonces pong\u00e1monos a trabajar y que los gringos se apuren de su futuro y nosotros del nuestro.<\/p>\n<p>Es pat\u00e9tico el solo acordarme que hace veinte a\u00f1os los mexicanos temblaban porque se iniciaba la operaci\u00f3n del Tratado de Libre Comercio, hoy veo a muchos en su infinita ingenuidad nuevamente temblar porque existe la pretensi\u00f3n de renegociarlo, que contrasentido, lo que antes no quer\u00edan hoy sue\u00f1an con mantenerlo en sus t\u00e9rminos.<\/p>\n<p>En realidad el miedo es al cambio, queremos seguir en nuestra zona de confort y que nadie nos saque de nuestro claustro materno; despertemos mexicanos, el cami\u00f3n de las oportunidades pasa a las cinco de la ma\u00f1ana, y nadie se llevar\u00e1 a la camita los resultados sin esfuerzo alguno.<\/p>\n<p>El cambio nos da energ\u00eda y ello es un incentivo para buscar trascender y no simplemente vegetar, as\u00ed lo hemos entendido a lo largo de nuestras vidas, y por ello siempre buscamos nuevos horizontes, nuevas metas, nuevas razones que nos sostengan en nuestros ideales.<\/p>\n<p>Precisamente eso es lo que tienen que buscar las nuevas generaciones, \u00a1un cambio de actitud\u00a1 no solo un cambio de personas, no \u00fanicamente un cambio de estrategias para llegar a la poblaci\u00f3n; por ning\u00fan motivo debemos buscar un cambio para seguir igual.<\/p>\n<p>No hay de otra, el \u00fanico ant\u00eddoto para nuestros miedos es la preparaci\u00f3n, seguir estudiando, capacitarnos y ser m\u00e1s habilidosos en la actividad que desarrollamos, pues cuando estemos conscientes de que nuestros miedos son irracionales, tambi\u00e9n seremos conscientes de que no importa el tama\u00f1o del vecino si es que nosotros estamos forjando nuestra propia historia <\/p>\n<p>A\u00fan hay mucho camino por recorrer y mucho tiempo para respirar, para seguir sembrando con la experiencia del pasado, pues alg\u00fan d\u00eda esos frutos alimentar\u00e1n a los que todav\u00eda seguimos dejando en el camino.<\/p>\n<p>Las palabras se las lleva el viento, pero mi pensamiento escrito est\u00e1.<\/p>\n","protected":false},"excerpt":{"rendered":"<p>La vida es movimiento, devenir permanente, somos y dejamos de ser; nada es lo mismo que ayer; es m\u00e1s, en este momento somos diferentes a como \u00e9ramos hace un par de horas, aunque el cambio sea imperceptible; luego entonces, si la vida es un cambio permanente, \u00bfpor qu\u00e9 le tenemos miedo al cambio?.<\/p>\n","protected":false},"author":93,"featured_media":0,"comment_status":"open","ping_status":"open","sticky":false,"template":"","format":"standard","meta":{"footnotes":""},"categories":[42],"tags":[],"class_list":["post-31738","post","type-post","status-publish","format-standard","hentry","category-nuestrapalabra"],"_links":{"self":[{"href":"https:\/\/plazajuarez.mx\/historico\/wp-json\/wp\/v2\/posts\/31738","targetHints":{"allow":["GET"]}}],"collection":[{"href":"https:\/\/plazajuarez.mx\/historico\/wp-json\/wp\/v2\/posts"}],"about":[{"href":"https:\/\/plazajuarez.mx\/historico\/wp-json\/wp\/v2\/types\/post"}],"author":[{"embeddable":true,"href":"https:\/\/plazajuarez.mx\/historico\/wp-json\/wp\/v2\/users\/93"}],"replies":[{"embeddable":true,"href":"https:\/\/plazajuarez.mx\/historico\/wp-json\/wp\/v2\/comments?post=31738"}],"version-history":[{"count":0,"href":"https:\/\/plazajuarez.mx\/historico\/wp-json\/wp\/v2\/posts\/31738\/revisions"}],"wp:attachment":[{"href":"https:\/\/plazajuarez.mx\/historico\/wp-json\/wp\/v2\/media?parent=31738"}],"wp:term":[{"taxonomy":"category","embeddable":true,"href":"https:\/\/plazajuarez.mx\/historico\/wp-json\/wp\/v2\/categories?post=31738"},{"taxonomy":"post_tag","embeddable":true,"href":"https:\/\/plazajuarez.mx\/historico\/wp-json\/wp\/v2\/tags?post=31738"}],"curies":[{"name":"wp","href":"https:\/\/api.w.org\/{rel}","templated":true}]}}