{"id":3164,"date":"2015-04-02T06:00:00","date_gmt":"2015-04-02T06:00:00","guid":{"rendered":"http:\/\/plazajuarez.mx\/index\/index.php\/2015\/04\/02\/cristina-pacheco-recibe-medalla-al-merito\/"},"modified":"2015-04-02T06:00:00","modified_gmt":"2015-04-02T06:00:00","slug":"cristina-pacheco-recibe-medalla-al-merito","status":"publish","type":"post","link":"https:\/\/plazajuarez.mx\/historico\/cristina-pacheco-recibe-medalla-al-merito\/","title":{"rendered":"Cristina Pacheco recibe Medalla al M\u00e9rito"},"content":{"rendered":"<p>La periodista y escritora Cristina Pacheco y la Universidad Nacional Aut\u00f3noma de M\u00e9xico (UNAM) recibieron la Medalla al M\u00e9rito, que otorga el Festival del Centro Hist\u00f3rico de M\u00e9xico, previo al concierto que ofreci\u00f3 la Orquesta Sinf\u00f3nica de Miner\u00eda (OSM), en la Sala Principal del Palacio de Bellas Artes.<\/p>\n<p>  <!--more-->  <\/p>\n<p>\u00a0<\/p>\n<p>El presidente del Patronato del Festival, Fernando Estrada, entreg\u00f3 la Medalla al M\u00e9rito personal a la periodista Cristina Pacheco por su amplia cobertura televisiva en la que rescata las historias y tradiciones de la riqueza cultural.<\/p>\n<p>As\u00ed como a la UNAM por el extraordinario trabajo de restaurar el ex convento de San Agust\u00edn en el Centro Hist\u00f3rico, de la ciudad de M\u00e9xico.<\/p>\n<p>Al recibir la presea, Pacheco dijo que sobra decir cu\u00e1nto aprecia esa medalla, por su origen, procedencia y desde luego por el compromiso y la fascinaci\u00f3n que tiene por la ciudad de M\u00e9xico.<\/p>\n<p>&#8220;Una ciudad que es un laberinto; lo camino, lo recorro, me pierdo y aunque a veces no lo encuentro y a veces no me encuentra, hay ocasiones privilegiadas en que tengo la fortuna de servirle&#8221;, apunt\u00f3 Pacheco.<\/p>\n<p>En tanto, Jaime Martuscelli, coordinador de Asesores de la Rector\u00eda, en representaci\u00f3n del rector Jos\u00e9 Narro Robles, recibi\u00f3 la Medalla al M\u00e9rito y coment\u00f3 que para la UNAM es motivo de enorme satisfacci\u00f3n la decisi\u00f3n del Patronato del Centro Hist\u00f3rico de otorgarle este reconocimiento.<\/p>\n<p>Asimismo, puntualiz\u00f3, que el galard\u00f3n es resultado del evidente inter\u00e9s de la instituci\u00f3n por contribuir a mantener la vida del Centro Hist\u00f3rico, y de ayudar a renacer lo que fue el antiguo barrio universitario.<\/p>\n<p>Posteriormente, la OSM, bajo la direcci\u00f3n hu\u00e9sped de Robert Mikeyan, inici\u00f3 el magno concierto con la interpretaci\u00f3n de Andante festivo, de Jean Sibelius (1865-1957).<\/p>\n<p>La presentaci\u00f3n musical sigui\u00f3 con la participaci\u00f3n de la destacada violista estadounidense Kim Kashkashian, quien en compa\u00f1\u00eda de la Sinf\u00f3nica de Miner\u00eda ejecut\u00f3 magistralmente Lachrymae op. 48\u00aa, Reflexiones sobre una canci\u00f3n de Dowloand, de Benjam\u00edn Britten (1913-1976), pieza que le vali\u00f3 las ovaciones del p\u00fablico.<\/p>\n<p>En la segunda parte del concierto, la agrupaci\u00f3n cont\u00f3 con la participaci\u00f3n de la soprano Anabel de la Mora y del bar\u00edtono Josu\u00e9 Cer\u00f3n, as\u00ed como de EnHarmonia Vocalis, quienes interpretaron R\u00e9quiem, de Tigran Mansurian (1939).<\/p>\n<p>Dicha obra, que contiene los movimientos &#8220;I R\u00e9quiem&#8221;, &#8220;II Kyrie&#8221;, &#8220;III Diesi rae&#8221;, &#8220;IV Tuba irae&#8221;, &#8220;V Lacrimosa&#8221;, &#8220;VI Domine Jesu Christe&#8221;, &#8220;VII Sanctus&#8221; y &#8220;VIII Agnus Dei&#8221;, cuenta con un gran dramatismo coral e interpretativo, que supieron imprimir los cantantes, lo que les vali\u00f3 los fuertes aplausos de los asistentes.<\/p>\n","protected":false},"excerpt":{"rendered":"<p>La periodista y escritora Cristina Pacheco y la Universidad Nacional Aut\u00f3noma de M\u00e9xico (UNAM) recibieron la Medalla al M\u00e9rito, que otorga el Festival del Centro Hist\u00f3rico de M\u00e9xico, previo al concierto que ofreci\u00f3 la Orquesta Sinf\u00f3nica de Miner\u00eda (OSM), en la Sala Principal del Palacio de Bellas Artes.<\/p>\n","protected":false},"author":93,"featured_media":0,"comment_status":"open","ping_status":"open","sticky":false,"template":"","format":"standard","meta":{"footnotes":""},"categories":[41],"tags":[],"class_list":["post-3164","post","type-post","status-publish","format-standard","hentry","category-arteria-cultural"],"_links":{"self":[{"href":"https:\/\/plazajuarez.mx\/historico\/wp-json\/wp\/v2\/posts\/3164","targetHints":{"allow":["GET"]}}],"collection":[{"href":"https:\/\/plazajuarez.mx\/historico\/wp-json\/wp\/v2\/posts"}],"about":[{"href":"https:\/\/plazajuarez.mx\/historico\/wp-json\/wp\/v2\/types\/post"}],"author":[{"embeddable":true,"href":"https:\/\/plazajuarez.mx\/historico\/wp-json\/wp\/v2\/users\/93"}],"replies":[{"embeddable":true,"href":"https:\/\/plazajuarez.mx\/historico\/wp-json\/wp\/v2\/comments?post=3164"}],"version-history":[{"count":0,"href":"https:\/\/plazajuarez.mx\/historico\/wp-json\/wp\/v2\/posts\/3164\/revisions"}],"wp:attachment":[{"href":"https:\/\/plazajuarez.mx\/historico\/wp-json\/wp\/v2\/media?parent=3164"}],"wp:term":[{"taxonomy":"category","embeddable":true,"href":"https:\/\/plazajuarez.mx\/historico\/wp-json\/wp\/v2\/categories?post=3164"},{"taxonomy":"post_tag","embeddable":true,"href":"https:\/\/plazajuarez.mx\/historico\/wp-json\/wp\/v2\/tags?post=3164"}],"curies":[{"name":"wp","href":"https:\/\/api.w.org\/{rel}","templated":true}]}}