{"id":3157,"date":"2015-04-02T06:00:00","date_gmt":"2015-04-02T06:00:00","guid":{"rendered":"http:\/\/plazajuarez.mx\/index\/index.php\/2015\/04\/02\/trasladan-al-df-a-dos-heridos-tras-incendio-en-plataforma\/"},"modified":"2015-04-02T06:00:00","modified_gmt":"2015-04-02T06:00:00","slug":"trasladan-al-df-a-dos-heridos-tras-incendio-en-plataforma","status":"publish","type":"post","link":"https:\/\/plazajuarez.mx\/historico\/trasladan-al-df-a-dos-heridos-tras-incendio-en-plataforma\/","title":{"rendered":"Trasladan al DF a dos heridos  tras incendio en plataforma"},"content":{"rendered":"<p>M\u00e9xico, D.F.- Petr\u00f3leos Mexicanos inform\u00f3 que dos trabajadores ser\u00e1n trasladados al Distrito Federal para su atenci\u00f3n especializada al resultar gravemente heridos por el incendio registrado en la plataforma Abkat\u00fan de la empresa en Campeche.<\/p>\n<p>  <!--more-->  <\/p>\n<p>\u00a0<\/p>\n<p>En su cuenta certificada de Twitter, la empresa del Estado inform\u00f3, adem\u00e1s que en total, 45 personas recibieron atenci\u00f3n m\u00e9dica.<\/p>\n<p>Un incendio registrado la madrugada de ayer ha dejado hasta el momento un saldo de cuatro muertos, un trabajador de la empresa, otro de una empresa que brindaba servicios en la plataforma y dos personas m\u00e1s hasta el momento no han sido identificadas. (Agencias)<\/p>\n","protected":false},"excerpt":{"rendered":"<p>M\u00e9xico, D.F.- Petr\u00f3leos Mexicanos inform\u00f3 que dos trabajadores ser\u00e1n trasladados al Distrito Federal para su atenci\u00f3n especializada al resultar gravemente heridos por el incendio registrado en la plataforma Abkat\u00fan de la empresa en Campeche.<\/p>\n","protected":false},"author":93,"featured_media":0,"comment_status":"open","ping_status":"open","sticky":false,"template":"","format":"standard","meta":{"footnotes":""},"categories":[36],"tags":[],"class_list":["post-3157","post","type-post","status-publish","format-standard","hentry","category-nacion"],"_links":{"self":[{"href":"https:\/\/plazajuarez.mx\/historico\/wp-json\/wp\/v2\/posts\/3157","targetHints":{"allow":["GET"]}}],"collection":[{"href":"https:\/\/plazajuarez.mx\/historico\/wp-json\/wp\/v2\/posts"}],"about":[{"href":"https:\/\/plazajuarez.mx\/historico\/wp-json\/wp\/v2\/types\/post"}],"author":[{"embeddable":true,"href":"https:\/\/plazajuarez.mx\/historico\/wp-json\/wp\/v2\/users\/93"}],"replies":[{"embeddable":true,"href":"https:\/\/plazajuarez.mx\/historico\/wp-json\/wp\/v2\/comments?post=3157"}],"version-history":[{"count":0,"href":"https:\/\/plazajuarez.mx\/historico\/wp-json\/wp\/v2\/posts\/3157\/revisions"}],"wp:attachment":[{"href":"https:\/\/plazajuarez.mx\/historico\/wp-json\/wp\/v2\/media?parent=3157"}],"wp:term":[{"taxonomy":"category","embeddable":true,"href":"https:\/\/plazajuarez.mx\/historico\/wp-json\/wp\/v2\/categories?post=3157"},{"taxonomy":"post_tag","embeddable":true,"href":"https:\/\/plazajuarez.mx\/historico\/wp-json\/wp\/v2\/tags?post=3157"}],"curies":[{"name":"wp","href":"https:\/\/api.w.org\/{rel}","templated":true}]}}