{"id":3156,"date":"2015-04-02T06:00:00","date_gmt":"2015-04-02T06:00:00","guid":{"rendered":"http:\/\/plazajuarez.mx\/index\/index.php\/2015\/04\/02\/analistas-bajan-prevision-de-crecimiento-a-2-95-en-2015\/"},"modified":"2015-04-02T06:00:00","modified_gmt":"2015-04-02T06:00:00","slug":"analistas-bajan-prevision-de-crecimiento-a-2-95-en-2015","status":"publish","type":"post","link":"https:\/\/plazajuarez.mx\/historico\/analistas-bajan-prevision-de-crecimiento-a-2-95-en-2015\/","title":{"rendered":"Analistas bajan previsi\u00f3n de  crecimiento a 2.95% en 2015"},"content":{"rendered":"<p>M\u00e9xico, DF.- Los principales especialistas en econom\u00eda del sector privado redujeron las expectativas de expansi\u00f3n de la econom\u00eda mexicana para 2016 y consideraron como los principales factores que podr\u00edan afectar el crecimiento econ\u00f3mico, por orden de importancia, los problemas de inseguridad p\u00fablica, la plataforma de producci\u00f3n petrolera, la debilidad del mercado interno y la inestabilidad financiera internacional.<\/p>\n<p>  <!--more-->  <\/p>\n<p>\u00a0<\/p>\n<p>El panorama menos optimista fue planteado por los especialistas financieros del sector privado en una encuesta que realiza mensualmente el Banco de M\u00e9xico, donde los expertos plantearon la reducci\u00f3n de sus expectativas de crecimiento del producto interno bruto (PIB) del pa\u00eds de 3.08 a 2.95 por ciento para 2015 y de 3.63 a 3.51 por ciento para 2016. (Agencias)<\/p>\n","protected":false},"excerpt":{"rendered":"<p>M\u00e9xico, DF.- Los principales especialistas en econom\u00eda del sector privado redujeron las expectativas de expansi\u00f3n de la econom\u00eda mexicana para 2016 y consideraron como los principales factores que podr\u00edan afectar el crecimiento econ\u00f3mico, por orden de importancia, los problemas de inseguridad p\u00fablica, la plataforma de producci\u00f3n petrolera, la debilidad del mercado interno y la inestabilidad [&hellip;]<\/p>\n","protected":false},"author":93,"featured_media":0,"comment_status":"open","ping_status":"open","sticky":false,"template":"","format":"standard","meta":{"footnotes":""},"categories":[36],"tags":[],"class_list":["post-3156","post","type-post","status-publish","format-standard","hentry","category-nacion"],"_links":{"self":[{"href":"https:\/\/plazajuarez.mx\/historico\/wp-json\/wp\/v2\/posts\/3156","targetHints":{"allow":["GET"]}}],"collection":[{"href":"https:\/\/plazajuarez.mx\/historico\/wp-json\/wp\/v2\/posts"}],"about":[{"href":"https:\/\/plazajuarez.mx\/historico\/wp-json\/wp\/v2\/types\/post"}],"author":[{"embeddable":true,"href":"https:\/\/plazajuarez.mx\/historico\/wp-json\/wp\/v2\/users\/93"}],"replies":[{"embeddable":true,"href":"https:\/\/plazajuarez.mx\/historico\/wp-json\/wp\/v2\/comments?post=3156"}],"version-history":[{"count":0,"href":"https:\/\/plazajuarez.mx\/historico\/wp-json\/wp\/v2\/posts\/3156\/revisions"}],"wp:attachment":[{"href":"https:\/\/plazajuarez.mx\/historico\/wp-json\/wp\/v2\/media?parent=3156"}],"wp:term":[{"taxonomy":"category","embeddable":true,"href":"https:\/\/plazajuarez.mx\/historico\/wp-json\/wp\/v2\/categories?post=3156"},{"taxonomy":"post_tag","embeddable":true,"href":"https:\/\/plazajuarez.mx\/historico\/wp-json\/wp\/v2\/tags?post=3156"}],"curies":[{"name":"wp","href":"https:\/\/api.w.org\/{rel}","templated":true}]}}