{"id":3155,"date":"2015-04-02T06:00:00","date_gmt":"2015-04-02T06:00:00","guid":{"rendered":"http:\/\/plazajuarez.mx\/index\/index.php\/2015\/04\/02\/hubo-presiones-para-minimizar-la-tortura-en-mexico-dice-relator\/"},"modified":"2015-04-02T06:00:00","modified_gmt":"2015-04-02T06:00:00","slug":"hubo-presiones-para-minimizar-la-tortura-en-mexico-dice-relator","status":"publish","type":"post","link":"https:\/\/plazajuarez.mx\/historico\/hubo-presiones-para-minimizar-la-tortura-en-mexico-dice-relator\/","title":{"rendered":"Hubo presiones para minimizar  la tortura en M\u00e9xico, dice relator"},"content":{"rendered":"<p>M\u00e9xico, DF.- La tortura en M\u00e9xico est\u00e1 \u201cgeneralizada\u201d, reiter\u00f3 el relator especial para la tortura de Naciones Unidas, Juan M\u00e9ndez, en una carta dirigida al representante permanente de M\u00e9xico ante oficinas de Naciones Unidas y organismos internacionales en Ginebra, Jorge Lom\u00f3naco.<\/p>\n<p>  <!--more-->  <\/p>\n<p>\u00a0<\/p>\n<p>\u201cHa sido con mucho pesar que arrib\u00e9 a esa conclusi\u00f3n, pero lo he hecho bajo el entendimiento de que su gobierno me invit\u00f3 a conducir una visita para que realice una evaluaci\u00f3n sincera de la situaci\u00f3n, y no para minimizarla o presentarla bajo la mejor luz posible. Hubiera sido una falta de \u00e9tica de mi parte haber sucumbido a presiones que recib\u00ed en ese primer momento para que cambiara de parecer, del mismo modo que ser\u00eda una falta de \u00e9tica cambiar mi parecer al redactar el informe o incluso ahora cuando toda la evidencia de que tengo a disposici\u00f3n solamente ratifica mi evaluaci\u00f3n\u201d.<\/p>\n<p>El texto que redacta Juan M\u00e9ndez es en respuesta a la carta enviada por Lom\u00f3naco al presidente del Consejo de Derechos Humanos, con fecha 13 de marzo de 2015, \u201cespecialmente debido a que, inmediatamente luego de que recib\u00ed copia de la misma, los medios de prensa en M\u00e9xico difundieron comentarios del subsecretario para Asuntos Multilaterales y Derechos Humanos de la Secretar\u00eda de Relaciones Exteriores, Juan Manuel G\u00f3mez Robledo (luego respaldados en su totalidad por el secretario de Relaciones Exteriores, Jos\u00e9 Antonio Meade), y que constituye un ataque personal\u201d, advierte el especialista.<\/p>\n<p>Agrega no estar de acuerdo con la afirmaci\u00f3n de G\u00f3mez Robledo \u201ccuando afirma que mi trabajo es quedar bien con los gobiernos con los que tengo que trabajar. Muy en contrario, para que mi di\u00e1logo con los gobiernos sea realmente constructivo, tengo que ser justo, pero tambi\u00e9n honesto, al describir la situaci\u00f3n tal y como la veo\u201d. (Agencias)<\/p>\n","protected":false},"excerpt":{"rendered":"<p>M\u00e9xico, DF.- La tortura en M\u00e9xico est\u00e1 \u201cgeneralizada\u201d, reiter\u00f3 el relator especial para la tortura de Naciones Unidas, Juan M\u00e9ndez, en una carta dirigida al representante permanente de M\u00e9xico ante oficinas de Naciones Unidas y organismos internacionales en Ginebra, Jorge Lom\u00f3naco.<\/p>\n","protected":false},"author":93,"featured_media":0,"comment_status":"open","ping_status":"open","sticky":false,"template":"","format":"standard","meta":{"footnotes":""},"categories":[36],"tags":[],"class_list":["post-3155","post","type-post","status-publish","format-standard","hentry","category-nacion"],"_links":{"self":[{"href":"https:\/\/plazajuarez.mx\/historico\/wp-json\/wp\/v2\/posts\/3155","targetHints":{"allow":["GET"]}}],"collection":[{"href":"https:\/\/plazajuarez.mx\/historico\/wp-json\/wp\/v2\/posts"}],"about":[{"href":"https:\/\/plazajuarez.mx\/historico\/wp-json\/wp\/v2\/types\/post"}],"author":[{"embeddable":true,"href":"https:\/\/plazajuarez.mx\/historico\/wp-json\/wp\/v2\/users\/93"}],"replies":[{"embeddable":true,"href":"https:\/\/plazajuarez.mx\/historico\/wp-json\/wp\/v2\/comments?post=3155"}],"version-history":[{"count":0,"href":"https:\/\/plazajuarez.mx\/historico\/wp-json\/wp\/v2\/posts\/3155\/revisions"}],"wp:attachment":[{"href":"https:\/\/plazajuarez.mx\/historico\/wp-json\/wp\/v2\/media?parent=3155"}],"wp:term":[{"taxonomy":"category","embeddable":true,"href":"https:\/\/plazajuarez.mx\/historico\/wp-json\/wp\/v2\/categories?post=3155"},{"taxonomy":"post_tag","embeddable":true,"href":"https:\/\/plazajuarez.mx\/historico\/wp-json\/wp\/v2\/tags?post=3155"}],"curies":[{"name":"wp","href":"https:\/\/api.w.org\/{rel}","templated":true}]}}