{"id":3154,"date":"2015-04-02T06:00:00","date_gmt":"2015-04-02T06:00:00","guid":{"rendered":"http:\/\/plazajuarez.mx\/index\/index.php\/2015\/04\/02\/expresa-mexico-decepcion-e-inconformidad-con-informe-sobre-tortura\/"},"modified":"2015-04-02T06:00:00","modified_gmt":"2015-04-02T06:00:00","slug":"expresa-mexico-decepcion-e-inconformidad-con-informe-sobre-tortura","status":"publish","type":"post","link":"https:\/\/plazajuarez.mx\/historico\/expresa-mexico-decepcion-e-inconformidad-con-informe-sobre-tortura\/","title":{"rendered":"Expresa M\u00e9xico \u201cdecepci\u00f3n\u201d e \u201cinconformidad\u201d con informe sobre tortura"},"content":{"rendered":"<p>M\u00e9xico, D.F.- En una carta dirigida a Joachim R\u00fccker, presidente del Consejo de Derechos Humanos de la ONU, el gobierno de M\u00e9xico expres\u00f3 \u201csu decepci\u00f3n, inconformidad y total desacuerdo con la aseveraci\u00f3n contenida en el informe, seg\u00fan la cual la tortura y los malos tratos son generalizados en M\u00e9xico\u201d.<\/p>\n<p>  <!--more-->  <\/p>\n<p>\u00a0<\/p>\n<p>El documento, anterior a la respuesta que ayer dio el relator especial sobre tortura y otros tratos crueles, inhumanos o degradantes, Juan M\u00e9ndez, quien defiende el resultado de su misi\u00f3n oficial a M\u00e9xico, del 21 de abril al 2 de mayo de 2014, que fue presentado al Consejo de Derechos Humanos durante su presente periodo ordinario de sesiones.<\/p>\n<p>Destaca el documento del gobierno de M\u00e9xico que el relator especial \u201cha reconocido tanto en su informe como p\u00fablicamente, que el gobierno de M\u00e9xico le otorg\u00f3 pleno acceso y todas las facilidades disponibles durante su visita, y subraya que el relator tuvo acceso irrestricto a 11 centros de detenci\u00f3n de su elecci\u00f3n, se\u00f1alados inclusive con muy poca antelaci\u00f3n, se entrevist\u00f3 libremente con personas detenidas, y tuvo la oportunidad de reunirse con funcionarios al m\u00e1s alto nivel del gobierno federal, as\u00ed como en varios estados de la Rep\u00fablica Mexicana.<\/p>\n<p>\u201cM\u00e9xico en todo momento respet\u00f3 la independencia que le es conferida en su capacidad de relator del Consejo de Derechos Humanos y otorg\u00f3 todas las facilidades necesarias para asegurar que la visita se llevara a cabo en las mejores condiciones posibles\u201d, precisa.<\/p>\n<p>Sin embargo, afirmar que la tortura en M\u00e9xico es generalizada carece de fundamento. \u201cEn efecto, tal afirmaci\u00f3n supondr\u00eda alcanzar un umbral num\u00e9rico, algo que en este caso no ha sido debidamente documentado, toda vez que \u00fanicamente se ha proporcionado informaci\u00f3n espec\u00edfica sobre 14 casos (v\u00e9ase la comunicaci\u00f3n anexa enviada al relator especial el 9 de mayo de 2014 sobre este aspecto).<\/p>\n<p>\u201cEstamos preocupados por el hecho de que la afirmaci\u00f3n citada anteriormente se aparta de una m\u00e1s profunda y constructiva discusi\u00f3n relacionada con las mejoras que pueden lograrse a partir de las acciones que el Gobierno ya ha puesto en marcha para combatir esta pr\u00e1ctica, espec\u00edficamente tomando en consideraci\u00f3n que el relator ha reconocido ante el Consejo que la metodolog\u00eda utilizada es rudimentaria e insatisfactoria en varios niveles.\u201d (Agencias)<\/p>\n","protected":false},"excerpt":{"rendered":"<p>M\u00e9xico, D.F.- En una carta dirigida a Joachim R\u00fccker, presidente del Consejo de Derechos Humanos de la ONU, el gobierno de M\u00e9xico expres\u00f3 \u201csu decepci\u00f3n, inconformidad y total desacuerdo con la aseveraci\u00f3n contenida en el informe, seg\u00fan la cual la tortura y los malos tratos son generalizados en M\u00e9xico\u201d.<\/p>\n","protected":false},"author":93,"featured_media":0,"comment_status":"open","ping_status":"open","sticky":false,"template":"","format":"standard","meta":{"footnotes":""},"categories":[36],"tags":[],"class_list":["post-3154","post","type-post","status-publish","format-standard","hentry","category-nacion"],"_links":{"self":[{"href":"https:\/\/plazajuarez.mx\/historico\/wp-json\/wp\/v2\/posts\/3154","targetHints":{"allow":["GET"]}}],"collection":[{"href":"https:\/\/plazajuarez.mx\/historico\/wp-json\/wp\/v2\/posts"}],"about":[{"href":"https:\/\/plazajuarez.mx\/historico\/wp-json\/wp\/v2\/types\/post"}],"author":[{"embeddable":true,"href":"https:\/\/plazajuarez.mx\/historico\/wp-json\/wp\/v2\/users\/93"}],"replies":[{"embeddable":true,"href":"https:\/\/plazajuarez.mx\/historico\/wp-json\/wp\/v2\/comments?post=3154"}],"version-history":[{"count":0,"href":"https:\/\/plazajuarez.mx\/historico\/wp-json\/wp\/v2\/posts\/3154\/revisions"}],"wp:attachment":[{"href":"https:\/\/plazajuarez.mx\/historico\/wp-json\/wp\/v2\/media?parent=3154"}],"wp:term":[{"taxonomy":"category","embeddable":true,"href":"https:\/\/plazajuarez.mx\/historico\/wp-json\/wp\/v2\/categories?post=3154"},{"taxonomy":"post_tag","embeddable":true,"href":"https:\/\/plazajuarez.mx\/historico\/wp-json\/wp\/v2\/tags?post=3154"}],"curies":[{"name":"wp","href":"https:\/\/api.w.org\/{rel}","templated":true}]}}