{"id":3149,"date":"2015-04-02T06:00:00","date_gmt":"2015-04-02T06:00:00","guid":{"rendered":"http:\/\/plazajuarez.mx\/index\/index.php\/2015\/04\/02\/anonymous-amenaza-a-israel-con-el-holocausto-electronico\/"},"modified":"2015-04-02T06:00:00","modified_gmt":"2015-04-02T06:00:00","slug":"anonymous-amenaza-a-israel-con-el-holocausto-electronico","status":"publish","type":"post","link":"https:\/\/plazajuarez.mx\/historico\/anonymous-amenaza-a-israel-con-el-holocausto-electronico\/","title":{"rendered":"Anonymous amenaza a Israel  con el holocausto electr\u00f3nico"},"content":{"rendered":"<p>Israel.- Anonymous vuelve a amenazar a Israel con \u00abborrarle del ciberespacio\u00bb el pr\u00f3ximo 7 de abril en respuesta a los \u00abcr\u00edmenes\u00bb que comete en los territorios palestinos.<\/p>\n<p>  <!--more-->  <\/p>\n<p>\u00a0<\/p>\n<p>\u00abVamos a borraros del ciberespacio como lo hacemos cada a\u00f1o. El 7 de abril de 2015 habr\u00e1 un holocausto electr\u00f3nico\u00bb, amenaza un portavoz de Anonymous con la cara tapada con la m\u00e1scara propia del colectivo en un v\u00eddeo que se ha divulgado en todo el mundo.<\/p>\n<p>El de este a\u00f1o ser\u00e1 el cuarto ataque que sufran las p\u00e1ginas del estado israel\u00ed en los \u00faltimos cuatro a\u00f1os. Los ataques anteriores estuvieron dirigidos especialmente contra p\u00e1ginas del Gobierno, incluidas las del Ej\u00e9rcito y de los servicios secretos.<\/p>\n<p>El primer ataque de Anonymous lo sufri\u00f3 Israel en noviembre de 2012 justo despu\u00e9s de la operaci\u00f3n militar \u00abColumna de Fuego\u00bb contra la Franja de Gaza, y en los dos siguientes a\u00f1os el colectivo escogi\u00f3 la fecha del 7 de abril. (Agencias)<\/p>\n","protected":false},"excerpt":{"rendered":"<p>Israel.- Anonymous vuelve a amenazar a Israel con \u00abborrarle del ciberespacio\u00bb el pr\u00f3ximo 7 de abril en respuesta a los \u00abcr\u00edmenes\u00bb que comete en los territorios palestinos.<\/p>\n","protected":false},"author":93,"featured_media":0,"comment_status":"open","ping_status":"open","sticky":false,"template":"","format":"standard","meta":{"footnotes":""},"categories":[31],"tags":[],"class_list":["post-3149","post","type-post","status-publish","format-standard","hentry","category-orbe"],"_links":{"self":[{"href":"https:\/\/plazajuarez.mx\/historico\/wp-json\/wp\/v2\/posts\/3149","targetHints":{"allow":["GET"]}}],"collection":[{"href":"https:\/\/plazajuarez.mx\/historico\/wp-json\/wp\/v2\/posts"}],"about":[{"href":"https:\/\/plazajuarez.mx\/historico\/wp-json\/wp\/v2\/types\/post"}],"author":[{"embeddable":true,"href":"https:\/\/plazajuarez.mx\/historico\/wp-json\/wp\/v2\/users\/93"}],"replies":[{"embeddable":true,"href":"https:\/\/plazajuarez.mx\/historico\/wp-json\/wp\/v2\/comments?post=3149"}],"version-history":[{"count":0,"href":"https:\/\/plazajuarez.mx\/historico\/wp-json\/wp\/v2\/posts\/3149\/revisions"}],"wp:attachment":[{"href":"https:\/\/plazajuarez.mx\/historico\/wp-json\/wp\/v2\/media?parent=3149"}],"wp:term":[{"taxonomy":"category","embeddable":true,"href":"https:\/\/plazajuarez.mx\/historico\/wp-json\/wp\/v2\/categories?post=3149"},{"taxonomy":"post_tag","embeddable":true,"href":"https:\/\/plazajuarez.mx\/historico\/wp-json\/wp\/v2\/tags?post=3149"}],"curies":[{"name":"wp","href":"https:\/\/api.w.org\/{rel}","templated":true}]}}