{"id":3147,"date":"2015-04-02T06:00:00","date_gmt":"2015-04-02T06:00:00","guid":{"rendered":"http:\/\/plazajuarez.mx\/index\/index.php\/2015\/04\/02\/futbol-nacional-49\/"},"modified":"2015-04-02T06:00:00","modified_gmt":"2015-04-02T06:00:00","slug":"futbol-nacional-49","status":"publish","type":"post","link":"https:\/\/plazajuarez.mx\/historico\/futbol-nacional-49\/","title":{"rendered":"Futbol Nacional"},"content":{"rendered":"<p><strong>Concacaf suspende seis partidos a Goltz y multa al Am\u00e9rica<\/strong><\/p>\n<p><strong>\u00a0<\/strong><\/p>\n<p>Paolo Goltz, defensor del Am\u00e9rica, fue severamente castigado por la Comisi\u00f3n disciplinaria de la Confederaci\u00f3n Norte, Centroam\u00e9rica y el Caribe de futbol.<\/p>\n<p>\u00a0<\/p>\n<p>  <!--more-->  <\/p>\n<p>\u00a0<\/p>\n<p>El m\u00e1ximo organismo de la Concacaf anunci\u00f3 mediante un comunicado de prensa que el argentino fue suspendido con seis partidos tras la patada que le propin\u00f3 al delantero Cristhian Lagos, del Herediano de Costa Rica.<\/p>\n<p>\u00a0<\/p>\n<p>Adem\u00e1s el cuadro de Coapa fue multado econ\u00f3micamente &#8220;por el mal comportamiento de sus jugadores al finalizar el partido causando da\u00f1os al Estadio Eladios Rosabal Cordero. Una multa adicional por violas el reglamento de medios para los equipos despu\u00e9s del partidos&#8221;, se\u00f1al\u00f3 el comunicado.<\/p>\n<p>\u00a0<\/p>\n<p>La Concacaf no revel\u00f3 el monto econ\u00f3mico al que asciende la multa del argentino y las dos del cuadro americanista.<\/p>\n<p>\u00a0<\/p>\n<p>El pr\u00f3ximo mi\u00e9rcoles el cuadro de Gustavo Matosas buscar\u00e1 en el Estadio Azteca remontar el marcador de ida (3\u20110) y as\u00ed acceder a la final de la Liga de Campeones de la Concacaf.<\/p>\n<p><strong>***<\/strong><\/p>\n<p><strong>Pumas ruge de felicidad por gol de Herrera en el Tri<\/strong><\/p>\n<p>\u00a0<\/p>\n<p>Un largo tiempo para que el Tri contara con la garra de un felino azul y oro. Los Pumas de la UNAM felicitaron ayer\u00a0 a su atacante Eduardo Herrera, quien fue el autor del tanto con el que M\u00e9xico derrot\u00f3 a Paraguay, en un amistoso celebrado en el estadio Arrowhead, en Kansas City.<\/p>\n<p>\u00a0<\/p>\n<p>Herrera, quien vio su debut tricolor el pasado fin de semana ante Ecuador, en California, s\u00f3lo pis\u00f3 el c\u00e9sped por 8 segundos, cuesti\u00f3n que no merm\u00f3 sus \u00e1nimos y de forma tempranera abri\u00f3 el marcador ante el cuadro guaran\u00ed.<\/p>\n<p>\u00a0<\/p>\n<p>&#8220;Cuando hay garra, se necesitan pocos minutos para mostrarse \u00a1Felicidades, @LaloHerrera15! Por tu primer gol con @miseleccionmx #SoyDePumas&#8221;, expres\u00f3 Club Universidad en sus redes sociales.<\/p>\n<p>\u00a0<\/p>\n<p>Eduardo, que suma 3 goles en el Clausura 2015, inici\u00f3 en el once del entrenador Miguel Herrera y sali\u00f3 al minuto 58 por Javier &#8220;Chicharito&#8221; Hern\u00e1ndez; las ovaciones en el estadio de los Jefes de la NFL no se hicieron esperar, al igual que la ilusi\u00f3n por un sitio en Copa Oro o Copa Am\u00e9rica.<\/p>\n<p>***<\/p>\n<p>\u00a0<\/p>\n<p>\u00a0<\/p>\n<p>\u00a0<\/p>\n<p><strong>Universitarios\u00a0 trabajan para conseguir objetivos: Alcoba<\/strong><\/p>\n<p>\u00a0<\/p>\n<p>Pumas a\u00fan se encuentra lejos de su primer objetivo, que es la Liguilla, por lo que debe seguir trabajando como hasta ahor, dijo el defensa universitario Gerardo Alcoba.<\/p>\n<p>\u00a0<\/p>\n<p>\u201cNo podemos decir que estamos de regreso en el torneo. Estamos empezando a buscar un rendimiento que a\u00fan est\u00e1 lejos de lo que queremos. Nuestro primer objetivo es entrar a la liguilla, que era algo muy lejano hace tres fechas, pero hoy estamos m\u00e1s cerca\u201d, asegur\u00f3.<\/p>\n<p>El uruguayo expres\u00f3 que \u201ctener una racha positiva no nos debe cambiar sino todo lo contrario. Debemos seguir trabajando con humildad para llegar a la liguilla\u201d.<\/p>\n<p>Alcoba reaparecer\u00e1 este domingo con la escuadra auriazul despu\u00e9s de haberse ausentado en los dos encuentros anteriores: \u201cHoy me toco entrenar con fuerte intensidad y no siento ning\u00fan dolor. Me he recuperado de la lesi\u00f3n y estoy listo para jugar el domingo\u201d.<\/p>\n<p>Por otro lado, al pregunt\u00e1rsele acerca de la participaci\u00f3n de Eduardo Herrera con la Selecci\u00f3n Nacional, coment\u00f3: \u201cMe puse muy contento con su anotaci\u00f3n porque s\u00e9 lo que le cost\u00f3 llegar ah\u00ed. Lo veo con una ilusi\u00f3n y ganas terribles, superando todas las cr\u00edticas que se le han dado injustamente. Con jugadores como \u00e9l me identifico porque Lalo es un luchador que se sobrepone a la adversidad. Quienes no valoraron los segundos del juego anterior no saben lo que significa estar en una convocatoria de selecci\u00f3n\u201d.<\/p>\n<p>Finalmente, expuso lo que considera que ha ayudado al plantel en los \u00faltimos juegos: \u201cCuando las cosas no salen bien, las fallas individuales son m\u00e1s f\u00e1ciles de detectar y cuando ganas, te das cuenta de las fallas colectivas. Ayuda que somos un equipo autocr\u00edtico, que acepta el error y a partir de ah\u00ed empieza a construir. Pero a nosotros nos hizo ganar el orden\u201d.<\/p>\n<p>\u00a0<\/p>\n<p>\u00a0<\/p>\n<p>\u00a0<\/p>\n<p>***<\/p>\n<p>\u00a0<\/p>\n<p><strong>Morelia busca plasmar en la cancha idea futbol\u00edstica de Hern\u00e1ndez<\/strong><\/p>\n<p>\u00a0<\/p>\n<p>Roberto Hern\u00e1ndez, t\u00e9cnico de Monarcas Morelia, consider\u00f3 ayer\u00a0 que su idea futbol\u00edstica est\u00e1 m\u00e1s clara entre los jugadores, por lo que espera se plasme m\u00e1s continuamente en el terreno de juego.<\/p>\n<p>\u201cHoy creo que la idea est\u00e1 much\u00edsimo m\u00e1s clara de lo que pretendemos todos, y tambi\u00e9n el grupo est\u00e1 emocionalmente mucho m\u00e1s estable; ojal\u00e1 que lo veamos plasmado de buena manera para sacar un buen resultado el pr\u00f3ximo viernes\u201d, ante Santos Laguna.<\/p>\n<p>Agreg\u00f3 que \u201cveo un esfuerzo parejo, que los jugadores dan lo mejor dentro de la cancha y aun as\u00ed no alcanza, creo que hay que hacer algo m\u00e1s de parte de todos. No me he tocado el coraz\u00f3n para tener que sacar o meter a alguien. Estamos conscientes que hay que hacer algo m\u00e1s, entregar un poco m\u00e1s para que el resultado sea positivo\u201d.<\/p>\n<p>En tanto, sobre el partido ante los laguneros, Hern\u00e1ndez coment\u00f3 \u201cSantos est\u00e1 en una situaci\u00f3n complicada y eso lo hace doblemente dif\u00edcil; Vamos a buscar el marcador, proponer el juego, es lo que tenemos que hacer y ojal\u00e1 que con todas estas din\u00e1micas que generamos en la semana, y este lapso para entrenar espec\u00edficamente en lo que queremos, lo podamos manifestar y sacar un buen resultado\u201d.<\/p>\n<p>Dijo que se debe tener concentraci\u00f3n en las dos \u00e1reas y el trabajo en equipo, eso va a ser base. \u201cHemos recibidos goles muy temprano y eso nos dificulta bastante el accionar, y despu\u00e9s hemos creado bastantes acciones de gol y tampoco las hemos concretado. Este juego es especialmente importante por eso, ojal\u00e1 estemos atinados para aspirar a ganar el juego\u201d.<\/p>\n<p>Puntualiz\u00f3 que \u201cSantos es un buen escal\u00f3n para poder aspirar a estar mejor en la tabla; como los dos equipos no estamos bien, tratamos de aprovechar esas circunstancias\u201d.<\/p>\n","protected":false},"excerpt":{"rendered":"<p>Concacaf suspende seis partidos a Goltz y multa al Am\u00e9rica \u00a0 Paolo Goltz, defensor del Am\u00e9rica, fue severamente castigado por la Comisi\u00f3n disciplinaria de la Confederaci\u00f3n Norte, Centroam\u00e9rica y el Caribe de futbol. \u00a0<\/p>\n","protected":false},"author":93,"featured_media":0,"comment_status":"open","ping_status":"open","sticky":false,"template":"","format":"standard","meta":{"footnotes":""},"categories":[39],"tags":[],"class_list":["post-3147","post","type-post","status-publish","format-standard","hentry","category-deportiva"],"_links":{"self":[{"href":"https:\/\/plazajuarez.mx\/historico\/wp-json\/wp\/v2\/posts\/3147","targetHints":{"allow":["GET"]}}],"collection":[{"href":"https:\/\/plazajuarez.mx\/historico\/wp-json\/wp\/v2\/posts"}],"about":[{"href":"https:\/\/plazajuarez.mx\/historico\/wp-json\/wp\/v2\/types\/post"}],"author":[{"embeddable":true,"href":"https:\/\/plazajuarez.mx\/historico\/wp-json\/wp\/v2\/users\/93"}],"replies":[{"embeddable":true,"href":"https:\/\/plazajuarez.mx\/historico\/wp-json\/wp\/v2\/comments?post=3147"}],"version-history":[{"count":0,"href":"https:\/\/plazajuarez.mx\/historico\/wp-json\/wp\/v2\/posts\/3147\/revisions"}],"wp:attachment":[{"href":"https:\/\/plazajuarez.mx\/historico\/wp-json\/wp\/v2\/media?parent=3147"}],"wp:term":[{"taxonomy":"category","embeddable":true,"href":"https:\/\/plazajuarez.mx\/historico\/wp-json\/wp\/v2\/categories?post=3147"},{"taxonomy":"post_tag","embeddable":true,"href":"https:\/\/plazajuarez.mx\/historico\/wp-json\/wp\/v2\/tags?post=3147"}],"curies":[{"name":"wp","href":"https:\/\/api.w.org\/{rel}","templated":true}]}}