{"id":3146,"date":"2015-04-02T06:00:00","date_gmt":"2015-04-02T06:00:00","guid":{"rendered":"http:\/\/plazajuarez.mx\/index\/index.php\/2015\/04\/02\/futbol-internacional-40\/"},"modified":"2015-04-02T06:00:00","modified_gmt":"2015-04-02T06:00:00","slug":"futbol-internacional-40","status":"publish","type":"post","link":"https:\/\/plazajuarez.mx\/historico\/futbol-internacional-40\/","title":{"rendered":"Futbol Internacional"},"content":{"rendered":"<p><strong>Cristiano Ronaldo utiliz\u00f3 el metro en sus inicios para ir a entrenar \u00a0 \u00a0 \u00a0 \u00a0<\/strong><\/p>\n<p>Todas mundo conoce a Cristiano Ronaldo, ya sea por ser uno de los mejores jugadores de futbol en la actualidad, por ser uno de los deportistas con grandes ingresos econ\u00f3micos en sus bolsillos o por tener relaciones sentimentales con bellas mujeres de la far\u00e1ndula.<\/p>\n<p>  <!--more-->  <\/p>\n<p>\u00a0<\/p>\n<p>Sin embargo los inicios del ariete del Real Madrid no fueron sencillos, no ten\u00eda la sustentabilidad financiera que ahora posee, s\u00f3lo contaba con el apoyo de su mam\u00e1, Dolores Aveiro, adem\u00e1s de sus habilidades con el esf\u00e9rico y su deseo por sobresalir en futbol.<\/p>\n<p>El ganador del Bal\u00f3n de Oro 2014 comenz\u00f3 su carrera en el Sporting de Lisboa, para llegar a los entrenamientos ten\u00eda que transportarse en metro e incluso compart\u00eda una habitaci\u00f3n con uno de sus compa\u00f1eros en sus inicios, seg\u00fan relata uno de sus primeros documentales sobre su vida.<\/p>\n<p>\u00a0<\/p>\n<p>El ex delantero del Manchester nunca pens\u00f3 que su vida cambiar\u00eda en unos a\u00f1os. En el video se puede comprobar como era la vida de Cristiano en el 2001, cuando sus preocupaciones todav\u00eda eran econ\u00f3micas y no en el rect\u00e1ngulo verde.<\/p>\n<p>**<\/p>\n<p><strong>Aficionados del PVS obsequian dibujo a hijo de Guardado<\/strong><\/p>\n<p>\u00a0<\/p>\n<p>El futbolista mexicano Andr\u00e9s Guardado se convirti\u00f3 en padre por primera vez en su vida, raz\u00f3n por la que no complet\u00f3 la gira con la Selecci\u00f3n Mexicana de Futbol durante la pasada fecha FIFA.<\/p>\n<p>\u00a0<\/p>\n<p>El jugador del PSV, en su cuenta de Instagram, present\u00f3 a su hijo M\u00e1ximo, la noticia no pas\u00f3 desapercibida ante la afici\u00f3n de los granjeros, quien le dej\u00f3 un peque\u00f1o regalo al primog\u00e9nito de Guardado.<\/p>\n<p>\u00a0<\/p>\n<p>&#8220;Llegando a casa del hospital me encuentro con un detalle m\u00e1s de la gente de Eindhoven&#8221;, sentenci\u00f3 el mediocampista mexicano en su cuenta de Twitter.<\/p>\n<p>**<\/p>\n<p>\u00a0<\/p>\n<p><strong>River Plate piensa en Falcao<\/strong><\/p>\n<p>\u00a0<\/p>\n<p>El vicepresidente del River Plate, Mat\u00edas Patanian, dijo ayer\u00a0 que el club &#8216;millonario&#8217; sue\u00f1a con el regreso a sus filas del delantero colombiano Radamel Falcao Garc\u00eda, pero a mediano plazo.<\/p>\n<p>\u00a0<\/p>\n<p>&#8220;So\u00f1amos con Falcao, las puertas est\u00e1n abiertas&#8221;, dijo Patanian en declaraciones al diario deportivo Ol\u00e9, de la capital argentina.<\/p>\n<p>\u00a0<\/p>\n<p>Radamel Falcao, de 29 a\u00f1os y actualmente en el Manchester United, inici\u00f3 su carrera profesional en 2004 en River Plate, en donde jug\u00f3 hasta 2009, cuando pas\u00f3 al Porto.<\/p>\n<p>\u00a0<\/p>\n<p>Mat\u00edas Patanian dijo que un regreso del colombiano no ser\u00eda posible este mismo a\u00f1o, pero s\u00ed m\u00e1s adelante.<\/p>\n<p>\u00a0<\/p>\n<p>\u00a0<\/p>\n<p>&#8220;So\u00f1amos con \u00e9l m\u00e1s que nada para el futuro&#8221;, afirm\u00f3 el directivo, quien explic\u00f3 que las pr\u00f3ximas incorporaciones del club depender\u00e1n de &#8220;lo que se venda. Si no vendemos, podemos traer dos jugadores&#8221;, sostuvo.<\/p>\n<p>***<\/p>\n<p>\u00a0<\/p>\n<p>\u00a0<\/p>\n<p><strong>Piqu\u00e9 le echa porras a Messi <\/strong><\/p>\n<p>\u00a0<\/p>\n<p>Las molestias de Lionel Messi en el pie derecho no tienen preocupados a sus compa\u00f1eros del Barcelona.<\/p>\n<p>\u00a0<\/p>\n<p>La &#8220;Pulga&#8221; se perdi\u00f3 los amistosos de Argentina en la reciente Fecha FIFA pero Gerard Piqu\u00e9, defensa blaugrana, se mostr\u00f3 optimista de que su estrella pueda jugar ante Celta el pr\u00f3ximo domingo, duelo clave de la jornada 29 de Espa\u00f1a.<\/p>\n<p>\u00a0<\/p>\n<p>&#8220;En los \u00faltimos d\u00edas he hablado con \u00e9l y soy optimista. Creo que va a poder participar en Bala\u00eddos, pero depender\u00e1 de c\u00f3mo se sienta esta semana. No lo puedo confirmar al cien por cien porque depender\u00e1 de lo que decida \u00e9l, el entrenador y los m\u00e9dicos, pero espero que llegue a tiempo&#8221;.<\/p>\n<p>\u00a0<\/p>\n<p>La visita al Celta es importante para Barcelona, que tiene cuatro puntos de ventaja sobre Real Madrid en el liderato pero que en semanas pr\u00f3ximas tendr\u00e1 duelos vitales en Liga ante Sevilla y Valencia, y en Champions ante Par\u00eds Saint Germain.<\/p>\n<p>\u00a0<\/p>\n<p>Por eso, el estado de salud es importante para los catalanes. &#8220;Sabe de la importancia que tiene para el equipo&#8221; en unos \u00faltimos dos meses de temporada en el que el Barcelona se jugar\u00e1 la lucha por los t\u00edtulos.<\/p>\n<p>\u00a0<\/p>\n","protected":false},"excerpt":{"rendered":"<p>Cristiano Ronaldo utiliz\u00f3 el metro en sus inicios para ir a entrenar \u00a0 \u00a0 \u00a0 \u00a0 Todas mundo conoce a Cristiano Ronaldo, ya sea por ser uno de los mejores jugadores de futbol en la actualidad, por ser uno de los deportistas con grandes ingresos econ\u00f3micos en sus bolsillos o por tener relaciones sentimentales con [&hellip;]<\/p>\n","protected":false},"author":93,"featured_media":0,"comment_status":"open","ping_status":"open","sticky":false,"template":"","format":"standard","meta":{"footnotes":""},"categories":[39],"tags":[],"class_list":["post-3146","post","type-post","status-publish","format-standard","hentry","category-deportiva"],"_links":{"self":[{"href":"https:\/\/plazajuarez.mx\/historico\/wp-json\/wp\/v2\/posts\/3146","targetHints":{"allow":["GET"]}}],"collection":[{"href":"https:\/\/plazajuarez.mx\/historico\/wp-json\/wp\/v2\/posts"}],"about":[{"href":"https:\/\/plazajuarez.mx\/historico\/wp-json\/wp\/v2\/types\/post"}],"author":[{"embeddable":true,"href":"https:\/\/plazajuarez.mx\/historico\/wp-json\/wp\/v2\/users\/93"}],"replies":[{"embeddable":true,"href":"https:\/\/plazajuarez.mx\/historico\/wp-json\/wp\/v2\/comments?post=3146"}],"version-history":[{"count":0,"href":"https:\/\/plazajuarez.mx\/historico\/wp-json\/wp\/v2\/posts\/3146\/revisions"}],"wp:attachment":[{"href":"https:\/\/plazajuarez.mx\/historico\/wp-json\/wp\/v2\/media?parent=3146"}],"wp:term":[{"taxonomy":"category","embeddable":true,"href":"https:\/\/plazajuarez.mx\/historico\/wp-json\/wp\/v2\/categories?post=3146"},{"taxonomy":"post_tag","embeddable":true,"href":"https:\/\/plazajuarez.mx\/historico\/wp-json\/wp\/v2\/tags?post=3146"}],"curies":[{"name":"wp","href":"https:\/\/api.w.org\/{rel}","templated":true}]}}