{"id":31447,"date":"2016-11-08T14:43:20","date_gmt":"2016-11-08T14:43:20","guid":{"rendered":"http:\/\/plazajuarez.mx\/index\/index.php\/2016\/11\/08\/trump-es-el-anticristo-paulina-rubio\/"},"modified":"2016-11-08T14:43:20","modified_gmt":"2016-11-08T14:43:20","slug":"trump-es-el-anticristo-paulina-rubio","status":"publish","type":"post","link":"https:\/\/plazajuarez.mx\/historico\/trump-es-el-anticristo-paulina-rubio\/","title":{"rendered":"&#8216;Trump es el anticristo&#8217;: Paulina Rubio"},"content":{"rendered":"<p>La cantante se posicion\u00f3 abiertamente en favor de Hillary Clinton<\/p>\n<p>  <!--more-->  <\/p>\n<p>La cantante mexicana Paulina Rubio se posicion\u00f3\u00a0 el d\u00eda de ayer abiertamente en favor de la candidata presidencial dem\u00f3crata Hillary Clinton en las elecciones estadounidenses de ma\u00f1ana y afirm\u00f3 que Donald Trump &#8220;es el anticristo&#8221;.<br \/>&#8220;No es una opci\u00f3n, no va a ganar. Trump es el anticristo, siembra miedo y me da risa. Es un anticristo en un mundo contempor\u00e1neo&#8221;, declar\u00f3 la &#8220;chica dorada&#8221; en una rueda de prensa en Ciudad de M\u00e9xico durante la presentaci\u00f3n de su nuevo sencillo &#8220;Me quema&#8221;, que se podr\u00e1 escuchar a partir del pr\u00f3ximo 11 de noviembre.<br \/>Asegur\u00f3 que Trump &#8220;quiere atacar a los diferentes sectores&#8221; y apunt\u00f3 que el padre y el abuelo del candidato republicano a la Casa Blanca fueron inmigrantes, uno de los grupos que m\u00e1s ha golpeado el magnate neoyorquino durante su campa\u00f1a electoral.<br \/>La cantante fue una de las artistas que participaron en la iniciativa impulsada por la cineasta mexicana Patricia Riffen que reclama el voto de la comunidad latina en favor de Clinton.<br \/>&#8220;Apoyo a Hillary porque dentro de lo que hay es lo mejor y lo digo abiertamente. Hay millones de mexicanos y latinos que se sienten como yo&#8221;, afirm\u00f3 la int\u00e9rprete, quien actualmente reside en Miami.<br \/>&#8220;Cada vez que le veo el queso Oaxaca pienso \u00a1Que se vaya de aqu\u00ed!&#8221;, declar\u00f3, refiri\u00e9ndose al peinado del candidato, que recordar\u00eda ese tipo de queso formado por capas.<br \/>&#8220;En alg\u00fan momento yo voy a escribir una canci\u00f3n que va a tener un sentido del humor y un sarcasmo que es parte de lo que estamos viviendo. Se me hace inaudito lo que estamos viviendo&#8221;, lament\u00f3 Rubio.<br \/>Respecto al &#8220;ataque y menosprecio&#8221; a las minor\u00edas recurrente en el discurso del republicano, dijo que &#8220;puede que sea fuerte a nivel media (prensa), pero a m\u00ed me da mucha verg\u00fcenza, me da pena, siento que es una mentira&#8221;.<br \/>&#8220;No nos podemos seguir menospreciando por ser mexicanos o por ser los que vivimos al lado de los Estados Unidos, somos Estados Unidos. Los mexicanos y los americanos siempre hemos sido uno&#8221;, destac\u00f3.<\/p>\n","protected":false},"excerpt":{"rendered":"<p>La cantante se posicion\u00f3 abiertamente en favor de Hillary Clinton<\/p>\n","protected":false},"author":93,"featured_media":0,"comment_status":"open","ping_status":"open","sticky":false,"template":"","format":"standard","meta":{"footnotes":""},"categories":[38],"tags":[],"class_list":["post-31447","post","type-post","status-publish","format-standard","hentry","category-show"],"_links":{"self":[{"href":"https:\/\/plazajuarez.mx\/historico\/wp-json\/wp\/v2\/posts\/31447","targetHints":{"allow":["GET"]}}],"collection":[{"href":"https:\/\/plazajuarez.mx\/historico\/wp-json\/wp\/v2\/posts"}],"about":[{"href":"https:\/\/plazajuarez.mx\/historico\/wp-json\/wp\/v2\/types\/post"}],"author":[{"embeddable":true,"href":"https:\/\/plazajuarez.mx\/historico\/wp-json\/wp\/v2\/users\/93"}],"replies":[{"embeddable":true,"href":"https:\/\/plazajuarez.mx\/historico\/wp-json\/wp\/v2\/comments?post=31447"}],"version-history":[{"count":0,"href":"https:\/\/plazajuarez.mx\/historico\/wp-json\/wp\/v2\/posts\/31447\/revisions"}],"wp:attachment":[{"href":"https:\/\/plazajuarez.mx\/historico\/wp-json\/wp\/v2\/media?parent=31447"}],"wp:term":[{"taxonomy":"category","embeddable":true,"href":"https:\/\/plazajuarez.mx\/historico\/wp-json\/wp\/v2\/categories?post=31447"},{"taxonomy":"post_tag","embeddable":true,"href":"https:\/\/plazajuarez.mx\/historico\/wp-json\/wp\/v2\/tags?post=31447"}],"curies":[{"name":"wp","href":"https:\/\/api.w.org\/{rel}","templated":true}]}}