{"id":31446,"date":"2016-11-08T14:42:11","date_gmt":"2016-11-08T14:42:11","guid":{"rendered":"http:\/\/plazajuarez.mx\/index\/index.php\/2016\/11\/08\/la-mujer-maravilla-sera-mama-por-segunda-ocasion\/"},"modified":"2016-11-08T14:42:11","modified_gmt":"2016-11-08T14:42:11","slug":"la-mujer-maravilla-sera-mama-por-segunda-ocasion","status":"publish","type":"post","link":"https:\/\/plazajuarez.mx\/historico\/la-mujer-maravilla-sera-mama-por-segunda-ocasion\/","title":{"rendered":"&#8216;La Mujer Maravilla&#8217; ser\u00e1 mam\u00e1 por segunda ocasi\u00f3n"},"content":{"rendered":"<p>La actriz de 31 a\u00f1os anunci\u00f3 su segundo embarazo con una imagen en Instagram<\/p>\n<p>  <!--more-->  <\/p>\n<p>Mujer Maravilla&#8217;, Gal Gadot, est\u00e1 por ser madre, de nuevo.<\/p>\n<p>La actriz de 31 a\u00f1os anunci\u00f3 su embarazo en Instagram con una selfie de ella y su esposo Yaron Versano haciendo un coraz\u00f3n con sus manos sobre la pancita de ella. &#8220;Estoy muy emocionada de compartir esta maravilla con ustedes&#8230; #mamaporsegundavez&#8221;, escribi\u00f3 Gadot.<br \/>Gadot y Versano tienen una hija, Alma, nacida en el 2011.<br \/>Gadot hizo su debut como Mujer Maravilla a principios de a\u00f1o en &#8220;Batman v. Superman&#8221;. Repetir\u00e1 el papel en la pel\u00edcula &#8220;Wonder Woman&#8221; (&#8220;La Mujer Maravilla&#8221;), que se estrena en 2017.<\/p>\n","protected":false},"excerpt":{"rendered":"<p>La actriz de 31 a\u00f1os anunci\u00f3 su segundo embarazo con una imagen en Instagram<\/p>\n","protected":false},"author":93,"featured_media":0,"comment_status":"open","ping_status":"open","sticky":false,"template":"","format":"standard","meta":{"footnotes":""},"categories":[38],"tags":[],"class_list":["post-31446","post","type-post","status-publish","format-standard","hentry","category-show"],"_links":{"self":[{"href":"https:\/\/plazajuarez.mx\/historico\/wp-json\/wp\/v2\/posts\/31446","targetHints":{"allow":["GET"]}}],"collection":[{"href":"https:\/\/plazajuarez.mx\/historico\/wp-json\/wp\/v2\/posts"}],"about":[{"href":"https:\/\/plazajuarez.mx\/historico\/wp-json\/wp\/v2\/types\/post"}],"author":[{"embeddable":true,"href":"https:\/\/plazajuarez.mx\/historico\/wp-json\/wp\/v2\/users\/93"}],"replies":[{"embeddable":true,"href":"https:\/\/plazajuarez.mx\/historico\/wp-json\/wp\/v2\/comments?post=31446"}],"version-history":[{"count":0,"href":"https:\/\/plazajuarez.mx\/historico\/wp-json\/wp\/v2\/posts\/31446\/revisions"}],"wp:attachment":[{"href":"https:\/\/plazajuarez.mx\/historico\/wp-json\/wp\/v2\/media?parent=31446"}],"wp:term":[{"taxonomy":"category","embeddable":true,"href":"https:\/\/plazajuarez.mx\/historico\/wp-json\/wp\/v2\/categories?post=31446"},{"taxonomy":"post_tag","embeddable":true,"href":"https:\/\/plazajuarez.mx\/historico\/wp-json\/wp\/v2\/tags?post=31446"}],"curies":[{"name":"wp","href":"https:\/\/api.w.org\/{rel}","templated":true}]}}