{"id":31435,"date":"2016-11-08T14:36:29","date_gmt":"2016-11-08T14:36:29","guid":{"rendered":"http:\/\/plazajuarez.mx\/index\/index.php\/2016\/11\/08\/pena-llama-a-acordar-politica-transexenal\/"},"modified":"2016-11-08T14:36:29","modified_gmt":"2016-11-08T14:36:29","slug":"pena-llama-a-acordar-politica-transexenal","status":"publish","type":"post","link":"https:\/\/plazajuarez.mx\/historico\/pena-llama-a-acordar-politica-transexenal\/","title":{"rendered":"Pe\u00f1a llama a acordar pol\u00edtica transexenal"},"content":{"rendered":"<p>En Seguridad <\/p>\n<p>\u25cf\u00a0\u00a0\u00a0 Ante el secretario de Gobernaci\u00f3n, Miguel \u00c1ngel Osorio Chong, Pe\u00f1a lamenta el repunte de los \u00edndices delictivos<\/p>\n<p>  <!--more-->  <\/p>\n<p>Ante los reclamos sociales de revertir la inseguridad y los altos niveles de violencia y tras reconocer el repunte de \u00edndices delictivos, el presidente Enrique Pe\u00f1a Nieto plante\u00f3 que en los \u00faltimos dos a\u00f1os de su gesti\u00f3n, sociedad y gobierno acuerden una pol\u00edtica de estado transexenal para enfrentar los desaf\u00edos de la inseguridad y del crimen organizado en el pa\u00eds.<br \/>Durante la inauguraci\u00f3n del foro Sumemos Causas, convocada por la organizaci\u00f3n Causa en Com\u00fan, si bien expres\u00f3 su insatisfacci\u00f3n con los resultados, el mandatario tambi\u00e9n demand\u00f3 reconocer que ha habido avance en la profesionalizaci\u00f3n y equipamiento de las fuerzas federales.<br \/>Asimismo, se han establecido estrategias para enfrentar la coyuntura en los 50 municipios m\u00e1s violentos del pa\u00eds, donde se concentra el 42 por ciento de los delitos que se reportan en el pa\u00eds. Asumi\u00f3 que pese a los resultados y n\u00fameros, la percepci\u00f3n social sobre la inseguridad la mantiene como una de las prioridades.<br \/>Subray\u00f3 que la Federaci\u00f3n mantiene su determinaci\u00f3n de colaborar y coordinarse con los estados, sin embargo, subray\u00f3 que &#8220;esto de ninguna manera supone sustituir o reemplazar los. Esfuerzos de las autoridades locales&#8221;.<br \/>En este sentido reconoci\u00f3 que la presencia de las fuerzas federales en algunas regiones con mayor incidencia delictiva son de orden coyuntural y no pueden ser permanentes porque no habr\u00eda capacidad federal para mantenerlos por lo que los gobiernos estatales y municipales deben dise\u00f1ar acciones espec\u00edficas para hacer frente a esta situaci\u00f3n.<br \/>Poco antes, la presidenta de Causa En Com\u00fan, Mar\u00eda Elena Morera hab\u00eda realizado un duro diagn\u00f3stico sobre los escasos avances en materia de inseguridad, el repunte de los homicidios y niveles de violencia en numerosas entidades del pa\u00eds. La sociedad se pregunta -dijo- d\u00f3nde est\u00e1 la autoridad y la coordinaci\u00f3n que han prometido.<br \/>Morera enfatiz\u00f3 en los insuficientes avances en materia de justicia penal, a pesar de la entrada en vigor del nuevo sistema que, por ahora, no ha revertido que el 40 por ciento de la poblaci\u00f3n en los penales no haya sido a\u00fan sentenciada. Demand\u00f3 al presidente la operaci\u00f3n de la clave \u00fanica de poblaci\u00f3n como un instrumento fundamental para reforzar las acciones de seguridad en todo el pa\u00eds.<\/p>\n","protected":false},"excerpt":{"rendered":"<p>En Seguridad \u25cf\u00a0\u00a0\u00a0 Ante el secretario de Gobernaci\u00f3n, Miguel \u00c1ngel Osorio Chong, Pe\u00f1a lamenta el repunte de los \u00edndices delictivos<\/p>\n","protected":false},"author":93,"featured_media":0,"comment_status":"open","ping_status":"open","sticky":false,"template":"","format":"standard","meta":{"footnotes":""},"categories":[36],"tags":[],"class_list":["post-31435","post","type-post","status-publish","format-standard","hentry","category-nacion"],"_links":{"self":[{"href":"https:\/\/plazajuarez.mx\/historico\/wp-json\/wp\/v2\/posts\/31435","targetHints":{"allow":["GET"]}}],"collection":[{"href":"https:\/\/plazajuarez.mx\/historico\/wp-json\/wp\/v2\/posts"}],"about":[{"href":"https:\/\/plazajuarez.mx\/historico\/wp-json\/wp\/v2\/types\/post"}],"author":[{"embeddable":true,"href":"https:\/\/plazajuarez.mx\/historico\/wp-json\/wp\/v2\/users\/93"}],"replies":[{"embeddable":true,"href":"https:\/\/plazajuarez.mx\/historico\/wp-json\/wp\/v2\/comments?post=31435"}],"version-history":[{"count":0,"href":"https:\/\/plazajuarez.mx\/historico\/wp-json\/wp\/v2\/posts\/31435\/revisions"}],"wp:attachment":[{"href":"https:\/\/plazajuarez.mx\/historico\/wp-json\/wp\/v2\/media?parent=31435"}],"wp:term":[{"taxonomy":"category","embeddable":true,"href":"https:\/\/plazajuarez.mx\/historico\/wp-json\/wp\/v2\/categories?post=31435"},{"taxonomy":"post_tag","embeddable":true,"href":"https:\/\/plazajuarez.mx\/historico\/wp-json\/wp\/v2\/tags?post=31435"}],"curies":[{"name":"wp","href":"https:\/\/api.w.org\/{rel}","templated":true}]}}