{"id":31432,"date":"2016-11-08T14:35:22","date_gmt":"2016-11-08T14:35:22","guid":{"rendered":"http:\/\/plazajuarez.mx\/index\/index.php\/2016\/11\/08\/se-lucieron\/"},"modified":"2016-11-08T14:35:22","modified_gmt":"2016-11-08T14:35:22","slug":"se-lucieron","status":"publish","type":"post","link":"https:\/\/plazajuarez.mx\/historico\/se-lucieron\/","title":{"rendered":"SE LUCIERON"},"content":{"rendered":"<p>#MEXICANOS EN EL EXTRANJERO<\/p>\n<p>\u25cf\u00a0\u00a0\u00a0 EL PASADO FIN DE SEMANA, los mexicanos tuvieron buena actuaci\u00f3n con sus respectivos equipos en distintas ligas extranjeras<\/p>\n<p>DATO<br \/>CARLOS VELA Y GUILLERMO OCHOA fueron reconocidos por los medios\u00a0 de comunicaci\u00f3n internacionales<\/p>\n<p>  <!--more-->  <\/p>\n<p>Fue una buena jornada la que vivieron en general los futbolistas mexicanos que militan fuera de las fronteras y que est\u00e1n convocados para el juego contra Estados Unidos, donde destacaron las actuaciones de Carlos Vela, Paco Memo Ochoa y Jes\u00fas Manuel Corona.<\/p>\n<p>Cuatro en Portugal. El \u201cTecatito\u201d Corona, Miguel Lay\u00fan H\u00e9ctor Herrera y Ra\u00fal Jim\u00e9nez vieron acci\u00f3n en el cl\u00e1sico portugu\u00e9s entre el Porto y el Benfica que finaliz\u00f3 con empate a un gol. Corona dio la asistencia para el tanto de los Dragones. Miguel Lay\u00fan y H\u00e9ctor Herrera ingresaron de cambio. Por las \u00c1guilas, Jim\u00e9nez entr\u00f3 al terreno de juego a los 73\u2019.<\/p>\n<p>De cambio. Jonathan dos Santos del Villarreal entr\u00f3 de cambio a los 65 minutos en la victoria del Submarino Amarillo 2-0 a Betis.<br \/>Eliminado. El LA Galaxy de Giovani dos Santos qued\u00f3 fuera de los Playoffs de la MLS al caer en la final de la Conferencia Oeste 3-1 ante los Rapids de Colorado en serie de penaltis.<\/p>\n<p>Giovani fue el villano del Galaxy al despachar su tiro desde los 11 pasos por encima del larguero en el desenlace del partido jugado en el Dick\u2019s Sporting Goods Park.<br \/>En tiempo reglamentario los Rapids empataron la serie con un golazo a los 35 minutos del alban\u00e9s Shkelzen Gashi. Su potente disparo de pierna izquierda parti\u00f3 desde cerca del medio campo.<\/p>\n<p>Grande Vela. Carlos Vela volvi\u00f3 a ser el \u00eddolo de la Real Sociedad con su actuaci\u00f3n frente al Atl\u00e9tico de Madrid. Anot\u00f3 un gol de penalti y provoc\u00f3 un segundo para ser considerado el mejor jugador del partido.<br \/>Ochoa se reivindica. Guillermo Ochoa brill\u00f3 en el duelo en el que el Granada empat\u00f3 a un gol con el Deportivo La Coru\u00f1a. Al final del juego evit\u00f3 el descalabro con una gran atajada a disparo del brasile\u00f1o Guilherme. <br \/>Fabi\u00e1n, de buenas. Marco Fabi\u00e1n sigue brillando con el Eintracht Frankfurt. El mexicano tuvo una buena participaci\u00f3n en triunfo de 3-2 sobre el Colonia, jugando los 90 minutos. <br \/>Moreno, de goleador. H\u00e9ctor Moreno anot\u00f3 el gol que signific\u00f3 el empate del PSV Eindhoven contra Twente por 1-1. Andr\u00e9s Guardado tuvo tambi\u00e9n una buena actuaci\u00f3n con los Granjeros, jugando los 90 minutos. <\/p>\n<p>\u201cChicharito\u201d seco. Javier Hern\u00e1ndez acumul\u00f3 su s\u00e9ptimo juego sin anotar, en la victoria del Bayer Leverkusen, tres a dos frente al Darmstadt. El delantero mexicano no marca desde el 1 de octubre, cuando le anot\u00f3 al Borussia Dortmund.<br \/>Salcedo con las ganas. El \u00fanico seleccionado que no vio acci\u00f3n fue Carlos Salcedo, quien se qued\u00f3 en la banca en el duelo Fiorentina-Sampdoria.<\/p>\n","protected":false},"excerpt":{"rendered":"<p>#MEXICANOS EN EL EXTRANJERO \u25cf\u00a0\u00a0\u00a0 EL PASADO FIN DE SEMANA, los mexicanos tuvieron buena actuaci\u00f3n con sus respectivos equipos en distintas ligas extranjeras DATOCARLOS VELA Y GUILLERMO OCHOA fueron reconocidos por los medios\u00a0 de comunicaci\u00f3n internacionales<\/p>\n","protected":false},"author":93,"featured_media":0,"comment_status":"open","ping_status":"open","sticky":false,"template":"","format":"standard","meta":{"footnotes":""},"categories":[39],"tags":[],"class_list":["post-31432","post","type-post","status-publish","format-standard","hentry","category-deportiva"],"_links":{"self":[{"href":"https:\/\/plazajuarez.mx\/historico\/wp-json\/wp\/v2\/posts\/31432","targetHints":{"allow":["GET"]}}],"collection":[{"href":"https:\/\/plazajuarez.mx\/historico\/wp-json\/wp\/v2\/posts"}],"about":[{"href":"https:\/\/plazajuarez.mx\/historico\/wp-json\/wp\/v2\/types\/post"}],"author":[{"embeddable":true,"href":"https:\/\/plazajuarez.mx\/historico\/wp-json\/wp\/v2\/users\/93"}],"replies":[{"embeddable":true,"href":"https:\/\/plazajuarez.mx\/historico\/wp-json\/wp\/v2\/comments?post=31432"}],"version-history":[{"count":0,"href":"https:\/\/plazajuarez.mx\/historico\/wp-json\/wp\/v2\/posts\/31432\/revisions"}],"wp:attachment":[{"href":"https:\/\/plazajuarez.mx\/historico\/wp-json\/wp\/v2\/media?parent=31432"}],"wp:term":[{"taxonomy":"category","embeddable":true,"href":"https:\/\/plazajuarez.mx\/historico\/wp-json\/wp\/v2\/categories?post=31432"},{"taxonomy":"post_tag","embeddable":true,"href":"https:\/\/plazajuarez.mx\/historico\/wp-json\/wp\/v2\/tags?post=31432"}],"curies":[{"name":"wp","href":"https:\/\/api.w.org\/{rel}","templated":true}]}}