{"id":31430,"date":"2016-11-08T14:35:03","date_gmt":"2016-11-08T14:35:03","guid":{"rendered":"http:\/\/plazajuarez.mx\/index\/index.php\/2016\/11\/08\/hoy-entran-nuevos-inmortales\/"},"modified":"2016-11-08T14:35:03","modified_gmt":"2016-11-08T14:35:03","slug":"hoy-entran-nuevos-inmortales","status":"publish","type":"post","link":"https:\/\/plazajuarez.mx\/historico\/hoy-entran-nuevos-inmortales\/","title":{"rendered":"HOY ENTRAN NUEVOS INMORTALES"},"content":{"rendered":"<p>#CEREMONIA DE INVESTIDURA<\/p>\n<p>\u25cf\u00a0\u00a0\u00a0 Se espera la presencia de importantes medios de comunicaci\u00f3n, as\u00ed como personalidades del futbol que han hecho historia no s\u00f3lo en M\u00e9xico sino a nivel mundial.<\/p>\n<p>DATO<br \/>LLAMAR\u00c1 LA ATENCI\u00d3N LA PRESENCA DEL FEN\u00d3MENO RONALDO, UNO DE LOS MEJORES FUTBOLISTAS DE TODA LA HISTORIA.<\/p>\n<p>  <!--more-->  <\/p>\n<p>Con grandes expectativas, hoy el futbol estar\u00e1 nuevamente de fiesta en Pachuca, ya que se pondr\u00e1 en marcha una edici\u00f3n m\u00e1s, de la ceremonia de Investidura del Sal\u00f3n de la Fama. Estrellas nacionales e internacionales del balompi\u00e9 se inmortalizar\u00e1n en el recinto <br \/>Asimismo, se espera la presencia de importantes medios de comunicaci\u00f3n, as\u00ed como personalidades del futbol que han hecho historia no s\u00f3lo en M\u00e9xico sino a nivel mundial.<br \/>En la categor\u00eda de internacional\u00a0 los elegidos fueron encabezados por el fen\u00f3meno\u00a0 brasile\u00f1o Ronaldo, quien se ubica como el segundo m\u00e1ximo goleador en la historia de las Copas del Mundo. Sin duda alguna se espera una gran expectaci\u00f3n, luego de que hace unos d\u00edas el jugador brasile\u00f1o confirmara su asistencia para el evento de gala.<br \/>De igual manera, ser\u00e1 reconocido, Paolo Rossi, campe\u00f3n del mundo con Italia en Espa\u00f1a 82 y Zico,\u00a0 legendario exfutbolista brasile\u00f1o que particip\u00f3 en el Mundial de M\u00e9xico 86.<br \/>Por otro lado, en la categor\u00eda nacional, la comanda el ex defensa central de la Selecci\u00f3n Mexicana, Claudio Su\u00e1rez. El llamado \u201cEmperador\u201d es el elemento con m\u00e1s partidos disputados con la playera de la Selecci\u00f3n Mexicana tendr\u00e1 su lugar de honor en el recinto que reconoce a lo mejor del futbol azteca. De igual forma entrar\u00e1 a la inmortalidad Jared Borgetti, el m\u00e1ximo goleador de M\u00e9xico, adem\u00e1s del entrenador\u00a0 de Ricardo el &#8220;Tuca&#8221; Ferretti, actual director t\u00e9cnico de los Tigres. <br \/>Los tres decanos que estar\u00e1n en el Sal\u00f3n de la Fama son: Panchito Hern\u00e1ndez, Jos\u00e9 Luis Lamadrid y Telmo Zarra. Todos los elegidos de hoy ser\u00e1n la generaci\u00f3n 2016.<br \/>Finalmente, como es una costumbre de Grupo Pachuca, se llevar\u00e1 a cabo un coctel con todos los ovacionados y medios de comunicaci\u00f3n internacionales.<\/p>\n","protected":false},"excerpt":{"rendered":"<p>#CEREMONIA DE INVESTIDURA \u25cf\u00a0\u00a0\u00a0 Se espera la presencia de importantes medios de comunicaci\u00f3n, as\u00ed como personalidades del futbol que han hecho historia no s\u00f3lo en M\u00e9xico sino a nivel mundial. DATOLLAMAR\u00c1 LA ATENCI\u00d3N LA PRESENCA DEL FEN\u00d3MENO RONALDO, UNO DE LOS MEJORES FUTBOLISTAS DE TODA LA HISTORIA.<\/p>\n","protected":false},"author":93,"featured_media":0,"comment_status":"open","ping_status":"open","sticky":false,"template":"","format":"standard","meta":{"footnotes":""},"categories":[39],"tags":[],"class_list":["post-31430","post","type-post","status-publish","format-standard","hentry","category-deportiva"],"_links":{"self":[{"href":"https:\/\/plazajuarez.mx\/historico\/wp-json\/wp\/v2\/posts\/31430","targetHints":{"allow":["GET"]}}],"collection":[{"href":"https:\/\/plazajuarez.mx\/historico\/wp-json\/wp\/v2\/posts"}],"about":[{"href":"https:\/\/plazajuarez.mx\/historico\/wp-json\/wp\/v2\/types\/post"}],"author":[{"embeddable":true,"href":"https:\/\/plazajuarez.mx\/historico\/wp-json\/wp\/v2\/users\/93"}],"replies":[{"embeddable":true,"href":"https:\/\/plazajuarez.mx\/historico\/wp-json\/wp\/v2\/comments?post=31430"}],"version-history":[{"count":0,"href":"https:\/\/plazajuarez.mx\/historico\/wp-json\/wp\/v2\/posts\/31430\/revisions"}],"wp:attachment":[{"href":"https:\/\/plazajuarez.mx\/historico\/wp-json\/wp\/v2\/media?parent=31430"}],"wp:term":[{"taxonomy":"category","embeddable":true,"href":"https:\/\/plazajuarez.mx\/historico\/wp-json\/wp\/v2\/categories?post=31430"},{"taxonomy":"post_tag","embeddable":true,"href":"https:\/\/plazajuarez.mx\/historico\/wp-json\/wp\/v2\/tags?post=31430"}],"curies":[{"name":"wp","href":"https:\/\/api.w.org\/{rel}","templated":true}]}}