{"id":3143,"date":"2015-04-02T06:00:00","date_gmt":"2015-04-02T06:00:00","guid":{"rendered":"http:\/\/plazajuarez.mx\/index\/index.php\/2015\/04\/02\/conflicto-limitrofe-entre-el-alberto-y-la-estancia-si-esta-siendo-atendido-por-gobierno-federal\/"},"modified":"2015-04-02T06:00:00","modified_gmt":"2015-04-02T06:00:00","slug":"conflicto-limitrofe-entre-el-alberto-y-la-estancia-si-esta-siendo-atendido-por-gobierno-federal","status":"publish","type":"post","link":"https:\/\/plazajuarez.mx\/historico\/conflicto-limitrofe-entre-el-alberto-y-la-estancia-si-esta-siendo-atendido-por-gobierno-federal\/","title":{"rendered":"Conflicto lim\u00edtrofe entre El Alberto y La Estancia s\u00ed est\u00e1 siendo atendido por Gobierno Federal"},"content":{"rendered":"<p><strong>Ixmiquilpan<\/strong><\/p>\n<ul>\n<li><strong>\u201cCon indemnizaci\u00f3n se pretende solucionar el problema\u201d, se\u00f1ala el delegado en Hidalgo de la Secretar\u00eda de Gobernaci\u00f3n, Daniel Lara Ba\u00f1os<\/strong><\/li>\n<li><strong>Indemnizaci\u00f3n a La Estancia\u2026 El Alberto se quedar\u00e1 con las tierras. <\/strong><\/li>\n<li><strong><strong>Sin embargo, propietarios de las tierras en La Estancia, rechazan que esa sea la propuesta de soluci\u00f3n, pues no se ha consensuado nada al respecto\u2026 no est\u00e1n dispuestos a vender sus tierras<\/strong><\/strong> <!--more--> <\/li>\n<\/ul>\n<p>El conflicto lim\u00edtrofe entre El Alberto, Ixmiquilpan y La Estancia, Chilcuautla, s\u00ed est\u00e1 siendo atendido por el gobierno federal y va por el camino de una indemnizaci\u00f3n como se pretende solucionar el problema.<\/p>\n<p>El delegado en Hidalgo, de la Secretar\u00eda de Gobernaci\u00f3n (Segob), Daniel Lara Ba\u00f1os, dijo que el mi\u00e9rcoles de la siguiente semana, se reunir\u00e1 con el subsecretario en El Mezquital, Alejandro Ram\u00edrez Furiati, para analizar el problema.<\/p>\n<p>Confirm\u00f3 que es por una v\u00eda de indemnizaci\u00f3n como pretenden resolver este conflicto, pagos que deber\u00e1n sujetarse a las reglas de los programas que maneja la Secretar\u00eda de Desarrollo Agrario, Territorial y Urbano (Sedatu).<\/p>\n<p>\u201cLo platiqu\u00e9 con el nuevo subsecretario en la regi\u00f3n, nos vamos a sentar el pr\u00f3ximo mi\u00e9rcoles de la semana, para atenderlo con las instancias agrarias, buscando soluciones, dando atenci\u00f3n a \u00e9ste y otros que tenemos en la regi\u00f3n del Valle del Mezquital\u201d.<\/p>\n<p>Acept\u00f3 que la Sedatu avanza en una propuesta de soluci\u00f3n a trav\u00e9s de un programa denominado \u201cPrograma de Atenci\u00f3n a Conflictos Sociales en el Medio Rural\u201d (Cosomer), a trav\u00e9s del cual se invierten recursos para lograr resolver estos problemas, muchos de ellos ancestrales.<\/p>\n<p>Subray\u00f3 que despu\u00e9s del encuentro con el Subsecretario del Mezquital, se buscar\u00e1 un encuentro por parte de Segob con las dos comunidades, donde se logre una soluci\u00f3n integral que beneficie a todos en este conflicto.<\/p>\n<p>Puntualiz\u00f3, que las indemnizaciones van a sujetarse a los programas de\u00a0 Sedatu, no se ofrecer\u00e1n m\u00e1s recursos de los estipulados, esto ante la inconformidad de los pobladores de La Estancia, quienes afirman que para indemnizarlos les ofrecen precios demasiado bajos por sus tierras.<\/p>\n<p>Cabe se\u00f1alar, que el delegado de la Sedatu, Juan Carlos Alba Calder\u00f3n, dio a conocer en entrevista con Diario Plaza Ju\u00e1rez, que en las oficinas centrales en la Ciudad de M\u00e9xico, se encuentra una propuesta de soluci\u00f3n, en la que se establece la indemnizaci\u00f3n a La Estancia\u2026 El Alberto se quedar\u00e1 con las tierras.<\/p>\n<p>Sin embargo, propietarios de las tierras en La Estancia, rechazan que esa sea la propuesta de soluci\u00f3n, pues no se ha consensuado nada al respecto, puesto que no est\u00e1n dispuestos a vender sus tierras.<\/p>\n","protected":false},"excerpt":{"rendered":"<p>Ixmiquilpan \u201cCon indemnizaci\u00f3n se pretende solucionar el problema\u201d, se\u00f1ala el delegado en Hidalgo de la Secretar\u00eda de Gobernaci\u00f3n, Daniel Lara Ba\u00f1os Indemnizaci\u00f3n a La Estancia\u2026 El Alberto se quedar\u00e1 con las tierras. Sin embargo, propietarios de las tierras en La Estancia, rechazan que esa sea la propuesta de soluci\u00f3n, pues no se ha consensuado nada [&hellip;]<\/p>\n","protected":false},"author":93,"featured_media":0,"comment_status":"open","ping_status":"open","sticky":false,"template":"","format":"standard","meta":{"footnotes":""},"categories":[40],"tags":[],"class_list":["post-3143","post","type-post","status-publish","format-standard","hentry","category-region"],"_links":{"self":[{"href":"https:\/\/plazajuarez.mx\/historico\/wp-json\/wp\/v2\/posts\/3143","targetHints":{"allow":["GET"]}}],"collection":[{"href":"https:\/\/plazajuarez.mx\/historico\/wp-json\/wp\/v2\/posts"}],"about":[{"href":"https:\/\/plazajuarez.mx\/historico\/wp-json\/wp\/v2\/types\/post"}],"author":[{"embeddable":true,"href":"https:\/\/plazajuarez.mx\/historico\/wp-json\/wp\/v2\/users\/93"}],"replies":[{"embeddable":true,"href":"https:\/\/plazajuarez.mx\/historico\/wp-json\/wp\/v2\/comments?post=3143"}],"version-history":[{"count":0,"href":"https:\/\/plazajuarez.mx\/historico\/wp-json\/wp\/v2\/posts\/3143\/revisions"}],"wp:attachment":[{"href":"https:\/\/plazajuarez.mx\/historico\/wp-json\/wp\/v2\/media?parent=3143"}],"wp:term":[{"taxonomy":"category","embeddable":true,"href":"https:\/\/plazajuarez.mx\/historico\/wp-json\/wp\/v2\/categories?post=3143"},{"taxonomy":"post_tag","embeddable":true,"href":"https:\/\/plazajuarez.mx\/historico\/wp-json\/wp\/v2\/tags?post=3143"}],"curies":[{"name":"wp","href":"https:\/\/api.w.org\/{rel}","templated":true}]}}