{"id":31429,"date":"2016-11-08T14:33:36","date_gmt":"2016-11-08T14:33:36","guid":{"rendered":"http:\/\/plazajuarez.mx\/index\/index.php\/2016\/11\/08\/furia-en-campana-desgarro-la-imagen-de-eu\/"},"modified":"2016-11-08T14:33:36","modified_gmt":"2016-11-08T14:33:36","slug":"furia-en-campana-desgarro-la-imagen-de-eu","status":"publish","type":"post","link":"https:\/\/plazajuarez.mx\/historico\/furia-en-campana-desgarro-la-imagen-de-eu\/","title":{"rendered":"Furia en campa\u00f1a desgarr\u00f3 la imagen de EU"},"content":{"rendered":"<p>\u00a0El Trump que todos llevan dentro<br \/>\u25cf\u00a0\u00a0\u00a0 Los demonios nacionales, del racismo a la misoginia, han salido a flote durante los meses de una campa\u00f1a electoral larga y virulenta<\/p>\n<p>  <!--more-->  <\/p>\n<p>El fantasma del racismo parec\u00eda desaparecido para siempre. Pero la sinton\u00eda con aspirante republicano a suceder a Obama de grupos extremistas de la nueva derecha alternativa -la denominada alt-right- o con viejos grup\u00fasculos en la \u00f3rbita del Ku Klux Klan destap\u00f3 la realidad desagradable. El racismo nunca se march\u00f3. Y el fen\u00f3meno Trump ha ofrecido al mundo, y a los propios estadounidenses, una versi\u00f3n del pa\u00eds que muchos habr\u00edan preferido no ver<br \/>Estados Unidos se mira al espejo, y el reflejo es poco amable. Los demonios nacionales, del racismo a la misoginia, salieron a flote durante los meses de una campa\u00f1a electoral larga y virulenta. Toda elecci\u00f3n presidencial, como la que hoy enfrenta a la dem\u00f3crata Hillary Clinton y al republicano Donald Trump, es un psicoan\u00e1lisis colectivo, la br\u00fajula que indica d\u00f3nde se encuentra y ad\u00f3nde se dirige una sociedad. <br \/>La impopularidad de ambos candidatos, insultos y descalificaciones, el descontento con la clase pol\u00edtica, el miedo a la fractura racial y social, y las alarmas sobre el inminente apocalipsis han dejado un pa\u00eds agotado.<br \/>La elecci\u00f3n de un presidente de EU es un momento \u00fanico. No s\u00f3lo se elige a un jefe de Estado. Se elige un s\u00edmbolo, al l\u00edder de la tribu, al hombre o mujer cuyo retrato colgar\u00e1 de paredes en aulas de miles de escuelas en el pa\u00eds, uno de los mimbres que articula una naci\u00f3n de dimensiones continentales y v\u00ednculos comunes tenues pero irrompibles, como la bandera o el himno.<br \/>En 2008, cuando el dem\u00f3crata Barack Obama gan\u00f3 sus primeras elecciones presidenciales, los estadounidenses ofrecieron una imagen al mundo -y se la ofrecieron a s\u00ed mismos- que dispar\u00f3 su autoestima. Por primera vez, el pa\u00eds de la esclavitud y la segregaci\u00f3n llevaba a la Casa Blanca a un hombre de origen africano, un miembro de una de las minor\u00edas m\u00e1s humillada. EU estaba en plena recesi\u00f3n econ\u00f3mica y embarcado en dos guerras, pero se sent\u00eda a la altura de sus ideales fundacionales.<br \/>El candidato derrotado, el senador John McCain, felicit\u00f3 a Obama recordando c\u00f3mo, a principios del siglo XX, la invitaci\u00f3n a la Casa Blanca del l\u00edder negro Booker T. Washington provoc\u00f3 una reacci\u00f3n adversa. Entonces no era de recibo que un afroamericano entrase en los salones del poder. \u201cHoy Am\u00e9rica est\u00e1 lejos de la intolerancia cruel y orgullosa de ese tiempo\u201d, celebr\u00f3 McCain. \u201cNo hay mejor prueba que la elecci\u00f3n de un afroamericano a la presidencia\u201d.<br \/>Ocho a\u00f1os despu\u00e9s, el partido de McCain present\u00f3 a un candidato propenso a proferir comentarios \u201ccrueles y orgullosos\u201d, por usar los adjetivos de McCain, sobre hispanos, mujeres y musulmanes. <\/p>\n","protected":false},"excerpt":{"rendered":"<p>\u00a0El Trump que todos llevan dentro\u25cf\u00a0\u00a0\u00a0 Los demonios nacionales, del racismo a la misoginia, han salido a flote durante los meses de una campa\u00f1a electoral larga y virulenta<\/p>\n","protected":false},"author":93,"featured_media":0,"comment_status":"open","ping_status":"open","sticky":false,"template":"","format":"standard","meta":{"footnotes":""},"categories":[31],"tags":[],"class_list":["post-31429","post","type-post","status-publish","format-standard","hentry","category-orbe"],"_links":{"self":[{"href":"https:\/\/plazajuarez.mx\/historico\/wp-json\/wp\/v2\/posts\/31429","targetHints":{"allow":["GET"]}}],"collection":[{"href":"https:\/\/plazajuarez.mx\/historico\/wp-json\/wp\/v2\/posts"}],"about":[{"href":"https:\/\/plazajuarez.mx\/historico\/wp-json\/wp\/v2\/types\/post"}],"author":[{"embeddable":true,"href":"https:\/\/plazajuarez.mx\/historico\/wp-json\/wp\/v2\/users\/93"}],"replies":[{"embeddable":true,"href":"https:\/\/plazajuarez.mx\/historico\/wp-json\/wp\/v2\/comments?post=31429"}],"version-history":[{"count":0,"href":"https:\/\/plazajuarez.mx\/historico\/wp-json\/wp\/v2\/posts\/31429\/revisions"}],"wp:attachment":[{"href":"https:\/\/plazajuarez.mx\/historico\/wp-json\/wp\/v2\/media?parent=31429"}],"wp:term":[{"taxonomy":"category","embeddable":true,"href":"https:\/\/plazajuarez.mx\/historico\/wp-json\/wp\/v2\/categories?post=31429"},{"taxonomy":"post_tag","embeddable":true,"href":"https:\/\/plazajuarez.mx\/historico\/wp-json\/wp\/v2\/tags?post=31429"}],"curies":[{"name":"wp","href":"https:\/\/api.w.org\/{rel}","templated":true}]}}