{"id":3141,"date":"2015-04-02T06:00:00","date_gmt":"2015-04-02T06:00:00","guid":{"rendered":"http:\/\/plazajuarez.mx\/index\/index.php\/2015\/04\/02\/roban-la-placa-de-tula-comunidad-segura\/"},"modified":"2015-04-02T06:00:00","modified_gmt":"2015-04-02T06:00:00","slug":"roban-la-placa-de-tula-comunidad-segura","status":"publish","type":"post","link":"https:\/\/plazajuarez.mx\/historico\/roban-la-placa-de-tula-comunidad-segura\/","title":{"rendered":"\u00a1Roban la placa de  \u201cTula Comunidad Segura\u201d!"},"content":{"rendered":"<p><strong>Tula de Allende<\/strong><\/p>\n<ul>\n<li><strong>\u00a1Porca Miseria!<\/strong><\/li>\n<li><strong>La pobre placa ha tenido mala suerte: fue mal recibida; hasta manifestaci\u00f3n de repudio provoc\u00f3\u2026 y ahora no se sabe en que sucias manos se encuentre (ni si se pedir\u00e1 rescate por ella) <\/strong><\/li>\n<li><strong>Ahora, con su desaparici\u00f3n, en lugar de despertar tristeza, preocupaci\u00f3n por el destino de la pobrecita, s\u00f3lo ha provocado burlas e iron\u00edas en las redes sociales <\/strong><\/li>\n<li><strong>Ayer el Gobierno Municipal inform\u00f3 que quit\u00f3 la placa para darle lugar a <\/strong><strong><strong>la bandera de Safe Community, y que despu\u00e9s la volver\u00e1 a colocar\u2026 una explicaci\u00f3n que no convenci\u00f3 en redes sociales, en donde aseguran que la placa fue robada<\/strong><\/strong> <!--more--> \u00a0<\/li>\n<\/ul>\n<p>A poco menos de un mes de que, en ceremonia protocolaria llevada a cabo en los jardines de la Plaza del Nacionalismo, se develara la placa que acredita a Tula como Comunidad Segura\u2026 la placa ya no se encuentra en el lugar. Hay una fuerte sospecha de que el metal pudo haber sido robado.<\/p>\n<p>\u00a0<\/p>\n<p>Como se recordar\u00e1 la placa fue colocada el pasado 9 de marzo e incluso gener\u00f3 una manifestaci\u00f3n en el lugar posterior al acto protocolario de un grupo de ciudadanos agremiados a la Coordinadora Ciudadana de Tula, quienes expresaron su inconformidad por la develaci\u00f3n de la placa que calificaron como una burla a los tulenses, al ir en aumento los delitos de alto impacto y que recalcaron Tula no es una comunidad segura.<\/p>\n<p>\u00a0<\/p>\n<p>Al lucir el espacio vaci\u00f3 donde hab\u00eda sido colocada la placa conmemorativa a Tula \u201cComunidad Segura\u201d, se provocaron numerosos comentarios de los ciudadanos de a pie y en las redes sociales de que la placa hab\u00eda desaparecido y que seguramente hab\u00eda sido robada.<\/p>\n<p>\u00a0<\/p>\n<p>Ante el comentario de la ciudadan\u00eda que incluso de forma ir\u00f3nica mencion\u00f3 que no era posible que ahora hasta la placa que se coloc\u00f3 con bombo y platillo y que se ubic\u00f3 frente al Palacio Municipal estuviera desaparecida, por lo que\u00a0 a trav\u00e9s de un comunicado el gobierno local se vio obligado a informar.<\/p>\n<p>\u00a0<\/p>\n<p>\u201cEn los jardines de la Plaza del Nacionalismo, ondea la bandera de Safe Community, en el sitio donde se coloc\u00f3 la placa conmemorativa de la certificaci\u00f3n, misma a la que para su preservaci\u00f3n y garantizar sus \u00f3ptimas condiciones es sometida a un proceso de recubrimiento, supervisado por servidores p\u00fablicos del Gobierno local,\u00a0 y volver\u00e1 a ser colocada a la brevedad\u201d.<\/p>\n","protected":false},"excerpt":{"rendered":"<p>Tula de Allende \u00a1Porca Miseria! La pobre placa ha tenido mala suerte: fue mal recibida; hasta manifestaci\u00f3n de repudio provoc\u00f3\u2026 y ahora no se sabe en que sucias manos se encuentre (ni si se pedir\u00e1 rescate por ella) Ahora, con su desaparici\u00f3n, en lugar de despertar tristeza, preocupaci\u00f3n por el destino de la pobrecita, s\u00f3lo [&hellip;]<\/p>\n","protected":false},"author":93,"featured_media":0,"comment_status":"open","ping_status":"open","sticky":false,"template":"","format":"standard","meta":{"footnotes":""},"categories":[40],"tags":[],"class_list":["post-3141","post","type-post","status-publish","format-standard","hentry","category-region"],"_links":{"self":[{"href":"https:\/\/plazajuarez.mx\/historico\/wp-json\/wp\/v2\/posts\/3141","targetHints":{"allow":["GET"]}}],"collection":[{"href":"https:\/\/plazajuarez.mx\/historico\/wp-json\/wp\/v2\/posts"}],"about":[{"href":"https:\/\/plazajuarez.mx\/historico\/wp-json\/wp\/v2\/types\/post"}],"author":[{"embeddable":true,"href":"https:\/\/plazajuarez.mx\/historico\/wp-json\/wp\/v2\/users\/93"}],"replies":[{"embeddable":true,"href":"https:\/\/plazajuarez.mx\/historico\/wp-json\/wp\/v2\/comments?post=3141"}],"version-history":[{"count":0,"href":"https:\/\/plazajuarez.mx\/historico\/wp-json\/wp\/v2\/posts\/3141\/revisions"}],"wp:attachment":[{"href":"https:\/\/plazajuarez.mx\/historico\/wp-json\/wp\/v2\/media?parent=3141"}],"wp:term":[{"taxonomy":"category","embeddable":true,"href":"https:\/\/plazajuarez.mx\/historico\/wp-json\/wp\/v2\/categories?post=3141"},{"taxonomy":"post_tag","embeddable":true,"href":"https:\/\/plazajuarez.mx\/historico\/wp-json\/wp\/v2\/tags?post=3141"}],"curies":[{"name":"wp","href":"https:\/\/api.w.org\/{rel}","templated":true}]}}