{"id":3140,"date":"2015-04-02T06:00:00","date_gmt":"2015-04-02T06:00:00","guid":{"rendered":"http:\/\/plazajuarez.mx\/index\/index.php\/2015\/04\/02\/campeon-minimosca-sinaloense-entrena-con-tulenses-rumbo-a-pelea-de-campeonato-mundial\/"},"modified":"2015-04-02T06:00:00","modified_gmt":"2015-04-02T06:00:00","slug":"campeon-minimosca-sinaloense-entrena-con-tulenses-rumbo-a-pelea-de-campeonato-mundial","status":"publish","type":"post","link":"https:\/\/plazajuarez.mx\/historico\/campeon-minimosca-sinaloense-entrena-con-tulenses-rumbo-a-pelea-de-campeonato-mundial\/","title":{"rendered":"Campe\u00f3n Minimosca sinaloense entrena con tulenses rumbo a pelea de campeonato mundial"},"content":{"rendered":"<p><strong>Tula de Allende<\/strong><\/p>\n<ul>\n<li><strong>Pedro Guevara Pedr\u00edn se dijo listo para la pelea que llevar\u00e1 a cabo en Mazatl\u00e1n el pr\u00f3ximo 11 de abril <\/strong><\/li>\n<li><strong><strong>Tiene un record impresionante: en 31 peleas, lleva 29 ganadas, un empate y una derrota<\/strong><\/strong> <!--more--> \u00a0<\/li>\n<\/ul>\n<p>En conferencia de prensa, Pedro Guevara \u201cPedr\u00edn\u201d, campe\u00f3n minimosca del Consejo Mundial de Boxeo (CMB), acompa\u00f1ado de su manager Marcos Hern\u00e1ndez Paredes, se dijo listo para la pelea en la que defender\u00e1 su t\u00edtulo al enfrentar en su natal Mazatl\u00e1n, el pr\u00f3ximo 11 de abril, al filipino Richard Claveras.<\/p>\n<p>Guevara como parte de su preparaci\u00f3n, desde el 28 de marzo (y hasta 5 de abril) ha estado entrenado en las nuevas instalaciones de Box de la Unidad Deportiva de Tula que se rehabilitaron a trav\u00e9s del Programa Nacional de Prevenci\u00f3n del Delito. Otro de sus objetivos es el de motivar a los j\u00f3venes por el gusto del deporte de los guantes.<\/p>\n<p>Durante la conferencia, el boxeador, de 25 a\u00f1os de edad, y quien adem\u00e1s estudi\u00f3 la carrera de abogado en la Universidad Aut\u00f3noma de Mazatl\u00e1n, estuvo acompa\u00f1ado tambi\u00e9n por el director de Deportes y Recreaci\u00f3n en Tula, Samuel Estrada Rivas y los patrocinadores Edgar Marroqu\u00edn y David Villalobos.<\/p>\n<p>Pedr\u00edn como lo conocen sus seguidores se\u00f1al\u00f3 que para \u00e9l ha sido un privilegio haber entrenado en instalaciones p\u00fablicas de Tula, por lo que agradeci\u00f3 a la autoridad local y a los patrocinadores por su hospitalidad, adelant\u00f3 que se ir\u00e1 de la ciudad de los atlantes con un buen sabor de boca y con el compromiso de regresar a realizar una pelea de exhibici\u00f3n para motivar a los j\u00f3venes a que se involucren en el box.<\/p>\n<p>Resalt\u00f3 que la rutina de entrenamiento es estricta, que debe iniciarla todos los d\u00edas muy temprano, adem\u00e1s de que est\u00e1 combinada con una dieta regulada.<\/p>\n<p>Se dijo listo para la pelea a la que se enfrentar\u00e1 con un rival de cuidado y que por eso est\u00e1 consciente del gran compromiso que eso significa para defender el t\u00edtulo, \u201csin duda ser\u00e1 una pelea dura\u201d.<\/p>\n<p>Guevara puntualiz\u00f3 que si bien es una pelea dura\u2026 \u201ctiene clase y categor\u00eda. No me importa Claveras, no me importa su r\u00e9cord, importo yo. Me he preparado fuerte para este compromiso. Estoy seguro que voy a ganar\u201d.<\/p>\n<p>El campe\u00f3n mundial minimosca llega a la pelea del 11 de abril a celebrarse en el Centro de Usos M\u00faltiples de Mazatl\u00e1n, Sinaloa con 31 peleas, 29 ganadas, un empate y una derrota, mientras que Claveras es el campe\u00f3n de As\u00eda tiene una marca de invicta de 12 combates ganados por la v\u00eda del \u201ccloroformo puro\u201d.<\/p>\n<p>Como parte de su preparaci\u00f3n, se\u00f1al\u00f3 que ha compartido el ring con los boxeadores de Tula con la finalidad de motivarlos y a quienes les recomend\u00f3 no renunciar a sus sue\u00f1os, ya sea con o sin apoyo, pero que le echen muchas ganas para lograr lo que se proponen.<\/p>\n<p>En su momento, Samuel Estrada Rivas agradeci\u00f3 al campe\u00f3n y a su manager, Carlos Hern\u00e1ndez, haber aceptado la invitaci\u00f3n de visitar la Ciudad de los Atlantes como parte de las actividades de su preparaci\u00f3n para defender su t\u00edtulo minimosca del Consejo Mundial de Boxeo. Le dese\u00f3 el mejor de los \u00e9xitos para que salga airoso en la pelea del 11 de abril.<\/p>\n","protected":false},"excerpt":{"rendered":"<p>Tula de Allende Pedro Guevara Pedr\u00edn se dijo listo para la pelea que llevar\u00e1 a cabo en Mazatl\u00e1n el pr\u00f3ximo 11 de abril Tiene un record impresionante: en 31 peleas, lleva 29 ganadas, un empate y una derrota<\/p>\n","protected":false},"author":93,"featured_media":0,"comment_status":"open","ping_status":"open","sticky":false,"template":"","format":"standard","meta":{"footnotes":""},"categories":[40],"tags":[],"class_list":["post-3140","post","type-post","status-publish","format-standard","hentry","category-region"],"_links":{"self":[{"href":"https:\/\/plazajuarez.mx\/historico\/wp-json\/wp\/v2\/posts\/3140","targetHints":{"allow":["GET"]}}],"collection":[{"href":"https:\/\/plazajuarez.mx\/historico\/wp-json\/wp\/v2\/posts"}],"about":[{"href":"https:\/\/plazajuarez.mx\/historico\/wp-json\/wp\/v2\/types\/post"}],"author":[{"embeddable":true,"href":"https:\/\/plazajuarez.mx\/historico\/wp-json\/wp\/v2\/users\/93"}],"replies":[{"embeddable":true,"href":"https:\/\/plazajuarez.mx\/historico\/wp-json\/wp\/v2\/comments?post=3140"}],"version-history":[{"count":0,"href":"https:\/\/plazajuarez.mx\/historico\/wp-json\/wp\/v2\/posts\/3140\/revisions"}],"wp:attachment":[{"href":"https:\/\/plazajuarez.mx\/historico\/wp-json\/wp\/v2\/media?parent=3140"}],"wp:term":[{"taxonomy":"category","embeddable":true,"href":"https:\/\/plazajuarez.mx\/historico\/wp-json\/wp\/v2\/categories?post=3140"},{"taxonomy":"post_tag","embeddable":true,"href":"https:\/\/plazajuarez.mx\/historico\/wp-json\/wp\/v2\/tags?post=3140"}],"curies":[{"name":"wp","href":"https:\/\/api.w.org\/{rel}","templated":true}]}}