{"id":3139,"date":"2015-04-02T06:00:00","date_gmt":"2015-04-02T06:00:00","guid":{"rendered":"http:\/\/plazajuarez.mx\/index\/index.php\/2015\/04\/02\/arranca-el-proyecto-productivo-de-estufas-solares-solar-mas\/"},"modified":"2015-04-02T06:00:00","modified_gmt":"2015-04-02T06:00:00","slug":"arranca-el-proyecto-productivo-de-estufas-solares-solar-mas","status":"publish","type":"post","link":"https:\/\/plazajuarez.mx\/historico\/arranca-el-proyecto-productivo-de-estufas-solares-solar-mas\/","title":{"rendered":"Arranca el Proyecto Productivo  de estufas solares \u201cSolar M\u00e1s\u201d"},"content":{"rendered":"<p><strong>Tula de Allende<\/strong><\/p>\n<ul>\n<li><strong>Fue desarrollado por alumnas de la <\/strong><strong><strong>carrera de Energ\u00edas Renovables de la Universidad Tecnol\u00f3gica de Tula-Tepeji<\/strong><\/strong> <!--more--> \u00a0<\/li>\n<\/ul>\n<p>Con la presencia de autoridades estatales y municipales, se realiz\u00f3 la puesta en marcha del proyecto productivo de estufas solares \u201cSolar M\u00e1s\u201d, que desarrollaron alumnas de la carrera de Energ\u00edas Renovables de la Universidad Tecnol\u00f3gica de Tula-Tepeji.<\/p>\n<p>\u00a0<\/p>\n<p>El proyecto fue puesto en marcha en la comunidad de Tlaxinacalpan en el municipio de Tepeji del R\u00edo, donde se mencion\u00f3 que para la consolidaci\u00f3n del proyecto, que est\u00e1 encaminado a la manufactura de estufas solares tipo parab\u00f3lica, que utilizar\u00e1n la energ\u00eda solar, las estudiantes Mar\u00eda Alejandra Hern\u00e1ndez Le\u00f3n, Saraith Monroy Garc\u00eda y Abigail Monroy Garc\u00eda, recibieron capacitaci\u00f3n del Programa de Apoyo para la Productividad de la Mujer Emprendedora (Promete), de la Secretar\u00eda de Agricultura, Ganader\u00eda, Desarrollo Rural, Pesca y Alimentaci\u00f3n (Sagarpa).<\/p>\n<p>\u00a0<\/p>\n<p>Leodan Portes Vargas, rector de la UTTT, destac\u00f3 que esta acci\u00f3n refleja la inquietud de los j\u00f3venes por trascender en su \u00e1mbito profesional y buscar alternativas de organizaci\u00f3n productiva, que les permitan generar propuestas con iniciativa empresarial que atiendan necesidades sociales, a la vez que inciden en el crecimiento del entorno social en el que se desenvuelven.<\/p>\n<p>\u00a0<\/p>\n<p>Por su parte, la bi\u00f3loga Carmen Dorantes Mart\u00ednez, delegada federal de la Sagarpa en Hidalgo, se\u00f1al\u00f3 que es fundamental la formaci\u00f3n de j\u00f3venes con capacidad y compromiso para fortalecer proyectos sustentables que permitan la generaci\u00f3n de empresas innovadoras, que incrementen las oportunidades de crecimiento econ\u00f3mico del pa\u00eds.<\/p>\n<p>\u00a0<\/p>\n<p>Durante el evento estuvo Jos\u00e9 Pablo Maauad Pont\u00f3n, secretario de Desarrollo Econ\u00f3mico de Hidalgo, quien dijo que con este tipo de acciones se promueve la cultura del emprendimiento, donde se desarrollan las destrezas, habilidades\u00a0 y actitudes que apuestan a los nuevos proyectos emprendedores y el autoempleo.<\/p>\n<p>\u00a0<\/p>\n<p>Finalmente, Saraith Monroy Garc\u00eda, a nombre de sus compa\u00f1eras creadoras del proyecto reconoci\u00f3 el apoyo, tanto de la instituci\u00f3n como de las autoridades gubernamentales.<\/p>\n","protected":false},"excerpt":{"rendered":"<p>Tula de Allende Fue desarrollado por alumnas de la carrera de Energ\u00edas Renovables de la Universidad Tecnol\u00f3gica de Tula-Tepeji<\/p>\n","protected":false},"author":93,"featured_media":0,"comment_status":"open","ping_status":"open","sticky":false,"template":"","format":"standard","meta":{"footnotes":""},"categories":[40],"tags":[],"class_list":["post-3139","post","type-post","status-publish","format-standard","hentry","category-region"],"_links":{"self":[{"href":"https:\/\/plazajuarez.mx\/historico\/wp-json\/wp\/v2\/posts\/3139","targetHints":{"allow":["GET"]}}],"collection":[{"href":"https:\/\/plazajuarez.mx\/historico\/wp-json\/wp\/v2\/posts"}],"about":[{"href":"https:\/\/plazajuarez.mx\/historico\/wp-json\/wp\/v2\/types\/post"}],"author":[{"embeddable":true,"href":"https:\/\/plazajuarez.mx\/historico\/wp-json\/wp\/v2\/users\/93"}],"replies":[{"embeddable":true,"href":"https:\/\/plazajuarez.mx\/historico\/wp-json\/wp\/v2\/comments?post=3139"}],"version-history":[{"count":0,"href":"https:\/\/plazajuarez.mx\/historico\/wp-json\/wp\/v2\/posts\/3139\/revisions"}],"wp:attachment":[{"href":"https:\/\/plazajuarez.mx\/historico\/wp-json\/wp\/v2\/media?parent=3139"}],"wp:term":[{"taxonomy":"category","embeddable":true,"href":"https:\/\/plazajuarez.mx\/historico\/wp-json\/wp\/v2\/categories?post=3139"},{"taxonomy":"post_tag","embeddable":true,"href":"https:\/\/plazajuarez.mx\/historico\/wp-json\/wp\/v2\/tags?post=3139"}],"curies":[{"name":"wp","href":"https:\/\/api.w.org\/{rel}","templated":true}]}}