{"id":31382,"date":"2016-11-07T15:16:52","date_gmt":"2016-11-07T15:16:52","guid":{"rendered":"http:\/\/plazajuarez.mx\/index\/index.php\/2016\/11\/07\/con-el-papel-de-celia-jeimy-osorio-da-voz-a-los-latinos\/"},"modified":"2016-11-07T15:16:52","modified_gmt":"2016-11-07T15:16:52","slug":"con-el-papel-de-celia-jeimy-osorio-da-voz-a-los-latinos","status":"publish","type":"post","link":"https:\/\/plazajuarez.mx\/historico\/con-el-papel-de-celia-jeimy-osorio-da-voz-a-los-latinos\/","title":{"rendered":"Con el papel de Celia, Jeimy Osorio da voz a los latinos"},"content":{"rendered":"<p>La actriz puertorrique\u00f1a se\u00f1al\u00f3 que ve en los latinos \u201cUna fuerza grande y poderosa\u201d, rumbo a la jornada electoral de ma\u00f1ana <\/p>\n<p>  <!--more-->  <\/p>\n<p>Celia Cruz fue una mujer que revolucion\u00f3 la m\u00fasica latina y este a\u00f1o regres\u00f3 a la pantalla chica interpretada por la actriz puertorrique\u00f1a Jeimy Osorio en la serie de Telemundo Celia.<br \/>La vida de la cantante, dice Osorio, \u201ces una historia de superaci\u00f3n que nos va a inspirar a todos a querer luchar por nuestros sue\u00f1os y a querer disfrutar de la vida como lo hizo ella\u201d.<\/p>\n<p>Explica este trabajo significa un reencuentro con sus ra\u00edces:<br \/>\u201cEs un proyecto que me hace sentir muy orgullosa de mis ra\u00edces, no solamente puertorrique\u00f1as sino afrolatinas en general, porque estamos contando historias de afrolatinos que marcaron un curso en nuestra m\u00fasica\u201d.<\/p>\n<p>La tambi\u00e9n cantante (quien particip\u00f3 en el programa Habla y Vota de HBO) recalca la importancia de las pr\u00f3ximas elecciones en Estados Unidos y su labor como figura p\u00fablica al tener \u201cla oportunidad de pararte en una plataforma donde puedas comunicar con los dem\u00e1s la importancia de votar y la importancia que tenemos cada uno como individuo no solamente por el hecho de que est\u00e9n cerca las elecciones sino por lo que verdaderamente somos como cultura\u201d.<\/p>\n<p>Adem\u00e1s agreg\u00f3 que ve en los latinos \u201cuna fuerza muy grande y muy poderosa\u201d que cada vez se hace notar con mayor fuerza, como es el caso del proyectos Celia cuya aceptaci\u00f3n en Estados Unidos ha sido positiva: <br \/>\u201cYo creo que es una puerta que se nos abre, es una puerta para todos los latinoamericanos de decir \u2018estamos presentes y tenemos todo lo que se necesita para salir adelante\u2019, y para estar unidos y disfrutar la alegr\u00eda y gozar de la m\u00fasica\u201d.<\/p>\n","protected":false},"excerpt":{"rendered":"<p>La actriz puertorrique\u00f1a se\u00f1al\u00f3 que ve en los latinos \u201cUna fuerza grande y poderosa\u201d, rumbo a la jornada electoral de ma\u00f1ana<\/p>\n","protected":false},"author":93,"featured_media":0,"comment_status":"open","ping_status":"open","sticky":false,"template":"","format":"standard","meta":{"footnotes":""},"categories":[38],"tags":[],"class_list":["post-31382","post","type-post","status-publish","format-standard","hentry","category-show"],"_links":{"self":[{"href":"https:\/\/plazajuarez.mx\/historico\/wp-json\/wp\/v2\/posts\/31382","targetHints":{"allow":["GET"]}}],"collection":[{"href":"https:\/\/plazajuarez.mx\/historico\/wp-json\/wp\/v2\/posts"}],"about":[{"href":"https:\/\/plazajuarez.mx\/historico\/wp-json\/wp\/v2\/types\/post"}],"author":[{"embeddable":true,"href":"https:\/\/plazajuarez.mx\/historico\/wp-json\/wp\/v2\/users\/93"}],"replies":[{"embeddable":true,"href":"https:\/\/plazajuarez.mx\/historico\/wp-json\/wp\/v2\/comments?post=31382"}],"version-history":[{"count":0,"href":"https:\/\/plazajuarez.mx\/historico\/wp-json\/wp\/v2\/posts\/31382\/revisions"}],"wp:attachment":[{"href":"https:\/\/plazajuarez.mx\/historico\/wp-json\/wp\/v2\/media?parent=31382"}],"wp:term":[{"taxonomy":"category","embeddable":true,"href":"https:\/\/plazajuarez.mx\/historico\/wp-json\/wp\/v2\/categories?post=31382"},{"taxonomy":"post_tag","embeddable":true,"href":"https:\/\/plazajuarez.mx\/historico\/wp-json\/wp\/v2\/tags?post=31382"}],"curies":[{"name":"wp","href":"https:\/\/api.w.org\/{rel}","templated":true}]}}