{"id":3136,"date":"2015-04-02T06:00:00","date_gmt":"2015-04-02T06:00:00","guid":{"rendered":"http:\/\/plazajuarez.mx\/index\/index.php\/2015\/04\/02\/balacera-deja-tres-heridos-uno-muy-grave\/"},"modified":"2015-04-02T06:00:00","modified_gmt":"2015-04-02T06:00:00","slug":"balacera-deja-tres-heridos-uno-muy-grave","status":"publish","type":"post","link":"https:\/\/plazajuarez.mx\/historico\/balacera-deja-tres-heridos-uno-muy-grave\/","title":{"rendered":"Balacera deja tres heridos, uno muy grave"},"content":{"rendered":"<p>EN LA COMUNIDAD APEPELCO DE MINERAL DE LA REFORMA\u00a0<\/p>\n<p>Cinco j\u00f3venes armados presumiblemente intentaron perpetrar la noche del martes anterior un violento asalto o secuestro en la comunidad de Apepelco del municipio de Mineral de la Reforma, precisamente junto al auditorio ejidal, lo que dej\u00f3 saldo de tres lesionados, uno de ellos muy grave por recibir un balazo en la cabeza al oponer resistencia.<\/p>\n<p>  <!--more-->  <\/p>\n<p>\u00a0<\/p>\n<p>Los informes refieren que los individuos trataron de entrar a la casa de Basilio \u201cG\u201d \u201cI\u201d, s\u00f3lo que sali\u00f3 su hijo, a quien los maleantes amagan con una pistola y se la ponen en la cabeza, pero se opone y trata de agarrar el arma, provocando que accionen el gatillo, el impacto pega en el techo, pero le disparan en la cabeza, posteriormente su hermana sale a auxiliarlo y tambi\u00e9n le disparan lesion\u00e1ndola en un brazo.<\/p>\n<p>As\u00ed mismo Basilio trat\u00f3 de apoyar a sus hijos, pero los presuntos asaltantes o secuestradores que se sabe llegaron a pie al domicilio de los afectados, tambi\u00e9n le dispararon para herirlo y finalmente se dieron a la fuga corriendo hacia el cerro, por lo que el propietario de la vivienda con ayuda de vecinos, corretearon a los agresores sin \u00e9xito.<\/p>\n<p>Por ello dieron aviso a la Polic\u00eda Municipal de Mineral de la Reforma, que implementaron un dispositivo de b\u00fasqueda, al que se sumaron agentes de la Coordinaci\u00f3n de Seguridad Estatal y de Investigaci\u00f3n, pero no fructific\u00f3 porque los maleantes se ampararon en la obscuridad.<\/p>\n<p>Al respecto la Procuradur\u00eda General de Justicia del Estado de Hidalgo (PGJEH) confirm\u00f3 que se abri\u00f3 una investigaci\u00f3n por intento de asalto y lo que resulte, acci\u00f3n que tuvo lugar en la comunidad de Apepelco, de Mineral de la Reforma, en el cual resultaron lesionados dos hombres y una mujer de quienes se omiten sus identidades por razones de seguridad.<\/p>\n<p>La informaci\u00f3n refiere que de acuerdo con las primeras investigaciones, se sabe que fueron cinco los probables delincuentes\u00a0 que tocan a la puerta de la propiedad ubicada en Apepelco, abre el due\u00f1o de la casa y uno de los imputados hace un disparo amenazante y le pasa rozando en el brazo, la hija se asoma y queda lesionada igualmente de otro disparo, al escuchar la detonaci\u00f3n, sale el hijo del denunciante\u00a0 y le dan un tiro.<\/p>\n<p>Al continuar con las investigaciones, los agentes policiales refieren la hip\u00f3tesis de un intento de asalto, versi\u00f3n m\u00e1s s\u00f3lida por el momento, por lo que se da inicio la Carpeta de Investigaci\u00f3n con el N\u00famero \u00danico de Investigaci\u00f3n (NUC) 12-2015-2406.<\/p>\n<p>Por ello se giraron los oficios\u00a0 periciales\u00a0 en medicina legal, criminal\u00edstica de campo y qu\u00edmica forense.<\/p>\n<p>De acuerdo con las primeras declaraciones de las personas afectadas, refieren que\u00a0 estaban en su casa cuando oyeron que ladraban los perros, una persona\u00a0 sali\u00f3 a asomarse, cuando mira que a su familiar la sujetaba un hombre joven de tez morena, exigiendo entregaran el dinero que ten\u00edan, mostrando un arma de fuego.<\/p>\n<p>La lesionada da la voz de alarma por lo que se acerca el due\u00f1o de la propiedad y es cuando otras cuatro personas que iban con el agresor comienzan a disparar, lesionado al due\u00f1o de la casa y dos personas m\u00e1s.<\/p>\n<p>Por su estado de salud, uno de los lesionados fue trasladado a un hospital en\u00a0 la ciudad de M\u00e9xico, los otros dos son atendidos en un nosocomio de Pachuca.<\/p>\n<p>Conforme a las primeras entrevistas la PGJEH inform\u00f3 que ya se cuenta con una l\u00ednea de investigaci\u00f3n y se confirmar\u00e1 con las declaraciones de testigos e involucrados as\u00ed como con las pesquisas de los agentes policiales de investigaci\u00f3n.<\/p>\n<p>Finalmente se advierte que de la investigaci\u00f3n se encarga la Suprocuradur\u00eda del Sistema Oral y Adversarial de la PGJEH.<\/p>\n","protected":false},"excerpt":{"rendered":"<p>EN LA COMUNIDAD APEPELCO DE MINERAL DE LA REFORMA\u00a0 Cinco j\u00f3venes armados presumiblemente intentaron perpetrar la noche del martes anterior un violento asalto o secuestro en la comunidad de Apepelco del municipio de Mineral de la Reforma, precisamente junto al auditorio ejidal, lo que dej\u00f3 saldo de tres lesionados, uno de ellos muy grave por [&hellip;]<\/p>\n","protected":false},"author":93,"featured_media":0,"comment_status":"open","ping_status":"open","sticky":false,"template":"","format":"standard","meta":{"footnotes":""},"categories":[37],"tags":[],"class_list":["post-3136","post","type-post","status-publish","format-standard","hentry","category-barandilla"],"_links":{"self":[{"href":"https:\/\/plazajuarez.mx\/historico\/wp-json\/wp\/v2\/posts\/3136","targetHints":{"allow":["GET"]}}],"collection":[{"href":"https:\/\/plazajuarez.mx\/historico\/wp-json\/wp\/v2\/posts"}],"about":[{"href":"https:\/\/plazajuarez.mx\/historico\/wp-json\/wp\/v2\/types\/post"}],"author":[{"embeddable":true,"href":"https:\/\/plazajuarez.mx\/historico\/wp-json\/wp\/v2\/users\/93"}],"replies":[{"embeddable":true,"href":"https:\/\/plazajuarez.mx\/historico\/wp-json\/wp\/v2\/comments?post=3136"}],"version-history":[{"count":0,"href":"https:\/\/plazajuarez.mx\/historico\/wp-json\/wp\/v2\/posts\/3136\/revisions"}],"wp:attachment":[{"href":"https:\/\/plazajuarez.mx\/historico\/wp-json\/wp\/v2\/media?parent=3136"}],"wp:term":[{"taxonomy":"category","embeddable":true,"href":"https:\/\/plazajuarez.mx\/historico\/wp-json\/wp\/v2\/categories?post=3136"},{"taxonomy":"post_tag","embeddable":true,"href":"https:\/\/plazajuarez.mx\/historico\/wp-json\/wp\/v2\/tags?post=3136"}],"curies":[{"name":"wp","href":"https:\/\/api.w.org\/{rel}","templated":true}]}}