{"id":3132,"date":"2015-04-02T06:00:00","date_gmt":"2015-04-02T06:00:00","guid":{"rendered":"http:\/\/plazajuarez.mx\/index\/index.php\/2015\/04\/02\/hidalgo-en-paz\/"},"modified":"2015-04-02T06:00:00","modified_gmt":"2015-04-02T06:00:00","slug":"hidalgo-en-paz","status":"publish","type":"post","link":"https:\/\/plazajuarez.mx\/historico\/hidalgo-en-paz\/","title":{"rendered":"Hidalgo en paz"},"content":{"rendered":"<p>A UNOS D\u00cdAS DE INICIAR CAMPA\u00d1AS<\/p>\n<ul>\n<li>Francisco Olvera Ruiz, llam\u00f3 a la sociedad a conocer a los candidatos y acudir a las urnas <!--more--> \u00a0<\/li>\n<\/ul>\n<p>A unos d\u00edas de iniciar oficialmente las campa\u00f1as para la renovaci\u00f3n de diputados federales, rumbo al d\u00eda de la elecci\u00f3n que ser\u00e1 el 7 de junio del presente a\u00f1o, el gobernador del estado, Jos\u00e9 Francisco Olvera Ruiz, consider\u00f3 que hoy se mantiene un clima de paz y tranquilidad en la entidad.<\/p>\n<p>\u00a0<\/p>\n<p>Mencion\u00f3 que ante este escenario no se ha tenido al momento ninguna solicitud de seguridad extra para alg\u00fan candidato ni hay\u00a0 de manera especial alg\u00fan punto delicado en la entidad.<\/p>\n<p>\u00a0<\/p>\n<p>Sostuvo que hoy ve a los partidos ocupados y trabajando en terminar de ajustar su lista de candidatos y aunque ya se empiezan a generar algunos \u201cmemes\u201d amparados en el anonimato de las redes sociales, dijo \u201chasta ahora no he encontrado alguna ofensa, ninguna cuesti\u00f3n de car\u00e1cter delicado, hasta hoy, a unos d\u00edas de arrancar la jornada, siento un clima de paz y tranquilidad en la entidad\u201d, afirm\u00f3.<\/p>\n<p>\u00a0<\/p>\n<p>En cuanto a la poblaci\u00f3n, el mandatario hidalguense llam\u00f3 al electorado a participar en este pr\u00f3ximo proceso y a enterarse de las propuestas de cada candidato y de los antecedentes de cada uno de ellos.<\/p>\n<p>\u00a0<\/p>\n<p>\u201cQue analicen el origen de cada uno de los candidatos, hoy que se pone tan en tela de juicio el perfil personal, que lo analicen y que tomen la mejor decisi\u00f3n, pero eso si, que no dejen de participar, que nuestra gente acuda a votar, acuda a las urnas, que bien enterada no deje de votar porque dejar de hacerlo es dejar la decisi\u00f3n, una decisi\u00f3n que le corresponde a cada quien, en manos de otros\u201d, sentenci\u00f3.<\/p>\n<p>\u00a0<\/p>\n<p>En cuanto al reclamo de algunos ciudadanos de que los partidos se hagan responsables del actuar de sus candidatos, el Jefe del Ejecutivo local, respald\u00f3 esta posici\u00f3n al considerarla correcta y asever\u00f3 que cuando los candidatos son tomados de la militancia de los partidos es m\u00e1s f\u00e1cil conocer los antecedentes de cada persona.<\/p>\n<p>\u00a0<\/p>\n<p>\u201cEl problema es cuando se toman personas sin conocerlas, por llenar un requisito, es cuando hay un problema, pero en ese caso si creo que los partidos deben hacerse corresponsales\u201d, sentenci\u00f3.<\/p>\n<p>\u00a0<\/p>\n<p>En otros temas, en entrevista, el gobernador Jos\u00e9 Francisco Olvera, tambi\u00e9n habl\u00f3 sobre la petici\u00f3n de algunos habitantes del municipio de Almoloya y quienes se manifestaron ayer en Palacio de Gobierno para exigir la renuncia del alcalde; la cual sostuvo que este es un tema que se debe resolver mediante el di\u00e1logo, pues afirm\u00f3 que este es un caso de divisi\u00f3n entre lo que antes era s\u00f3lo un grupo que lleg\u00f3 a la Presidencia.<\/p>\n<p>\u00a0<\/p>\n<p>Respetando la autonom\u00eda de los ayuntamientos, el gobernador hidalguense llam\u00f3 a quienes se encuentran en esta divisi\u00f3n y en algunos otros casos similares, a que privilegien el di\u00e1logo \u201cantes de buscar venganza por las v\u00edas no correctas que busquen el di\u00e1logo, creo que no hay tema en el que no nos podamos poner de acuerdo\u201d, concluy\u00f3.<\/p>\n","protected":false},"excerpt":{"rendered":"<p>A UNOS D\u00cdAS DE INICIAR CAMPA\u00d1AS Francisco Olvera Ruiz, llam\u00f3 a la sociedad a conocer a los candidatos y acudir a las urnas<\/p>\n","protected":false},"author":93,"featured_media":0,"comment_status":"open","ping_status":"open","sticky":false,"template":"","format":"standard","meta":{"footnotes":""},"categories":[59],"tags":[],"class_list":["post-3132","post","type-post","status-publish","format-standard","hentry","category-general"],"_links":{"self":[{"href":"https:\/\/plazajuarez.mx\/historico\/wp-json\/wp\/v2\/posts\/3132","targetHints":{"allow":["GET"]}}],"collection":[{"href":"https:\/\/plazajuarez.mx\/historico\/wp-json\/wp\/v2\/posts"}],"about":[{"href":"https:\/\/plazajuarez.mx\/historico\/wp-json\/wp\/v2\/types\/post"}],"author":[{"embeddable":true,"href":"https:\/\/plazajuarez.mx\/historico\/wp-json\/wp\/v2\/users\/93"}],"replies":[{"embeddable":true,"href":"https:\/\/plazajuarez.mx\/historico\/wp-json\/wp\/v2\/comments?post=3132"}],"version-history":[{"count":0,"href":"https:\/\/plazajuarez.mx\/historico\/wp-json\/wp\/v2\/posts\/3132\/revisions"}],"wp:attachment":[{"href":"https:\/\/plazajuarez.mx\/historico\/wp-json\/wp\/v2\/media?parent=3132"}],"wp:term":[{"taxonomy":"category","embeddable":true,"href":"https:\/\/plazajuarez.mx\/historico\/wp-json\/wp\/v2\/categories?post=3132"},{"taxonomy":"post_tag","embeddable":true,"href":"https:\/\/plazajuarez.mx\/historico\/wp-json\/wp\/v2\/tags?post=3132"}],"curies":[{"name":"wp","href":"https:\/\/api.w.org\/{rel}","templated":true}]}}