{"id":31308,"date":"2016-11-06T15:19:58","date_gmt":"2016-11-06T15:19:58","guid":{"rendered":"http:\/\/plazajuarez.mx\/index\/index.php\/2016\/11\/06\/mas-de-300-propuestas-atanen-a-hidalgo-con-desarrollo-sustentable\/"},"modified":"2016-11-06T15:19:58","modified_gmt":"2016-11-06T15:19:58","slug":"mas-de-300-propuestas-atanen-a-hidalgo-con-desarrollo-sustentable","status":"publish","type":"post","link":"https:\/\/plazajuarez.mx\/historico\/mas-de-300-propuestas-atanen-a-hidalgo-con-desarrollo-sustentable\/","title":{"rendered":"M\u00e1s de 300 propuestas ata\u00f1en a Hidalgo con Desarrollo Sustentable"},"content":{"rendered":"<p dir=\"ltr\">De las m\u00e1s de mil propuestas ciudadanas subidas en la plataforma para participar en la conformaci\u00f3n del Plan Estatal de Desarrollo 2016 \u2013 2022 (PED), un total de 357 corresponden al eje Hidalgo con Desarrollo Sustentable, en temas como cambio clim\u00e1tico, biodiversidad, calidad del aire y manejo de los ecosistemas, manifest\u00f3 Benjam\u00edn Rico Moreno, titular de la Secretar\u00eda de Medio Ambiente y Recursos Naturales de Hidalgo (Semarnath).<\/p>\n<p>  <!--more-->  <\/p>\n<div dir=\"ltr\">\u00a0<\/div>\n<p dir=\"ltr\">Refiri\u00f3 que uno de los temas fundamentales en este eje es el de Ordenamiento Ecol\u00f3gico Territorial, por tal motivo, el pr\u00f3ximo martes 8 de noviembres, se realizar\u00e1 en la regi\u00f3n de Tula, el Quinto Foro presencial.<\/p>\n<div dir=\"ltr\">\u00a0<\/div>\n<p dir=\"ltr\">Se\u00f1al\u00f3 que es responsabilidad de la Secretar\u00eda convocar a la poblaci\u00f3n a participar en este ejercicio \u00a0democr\u00e1tico que tiene como objetivo escuchar las ideas y propuestas de los ciudadanos, \u00a0de las mujeres y los hombres, pero sobretodo de la juventud de \u00a0Hidalgo, para la construcci\u00f3n \u00a0plural y democr\u00e1tica del PED.<\/p>\n<div dir=\"ltr\">\u00a0<\/div>\n<p dir=\"ltr\">\u201cEs instrucci\u00f3n del Gobernador, Omar Fayad Meneses, convocar a la poblaci\u00f3n de una regi\u00f3n prioritaria como Tula, para sumar personas con talento, acad\u00e9micos, de organizaciones civiles \u00a0y sobre todo \u00a0con iniciativa, para que participen y construyan en este Quinto Foro \u00a0Presencial para la conformaci\u00f3n del Plan Estatal de Desarrollo, en los diferentes ejes \u00a0de la plataforma\u201d, dijo.<\/p>\n<div dir=\"ltr\">\u00a0<\/div>\n<p dir=\"ltr\">Rico Moreno record\u00f3 que los ejes fundamentales que conforman el PED son: Gobierno honesto, cercano y moderno, Hidalgo pr\u00f3spero y din\u00e1mico, Hidalgo humano e igualitario, Hidalgo seguro, con justicia y en paz, Hidalgo con desarrollo sustentable.<\/p>\n<div dir=\"ltr\">\u00a0<\/div>\n<p dir=\"ltr\">Por lo anterior, convoc\u00f3 a la poblaci\u00f3n de la regi\u00f3n de Tula a participar en el Quinto Foro \u00a0Presencial para la conformaci\u00f3n del Plan Estatal de Desarrollo, con el cual se concluye el ejercicio democr\u00e1tico que se desarrolla en las principales regiones del estado, destacando que para este evento se impartir\u00e1 una conferencia magistral a cargo del panificador y urbanista, Santiago Ant\u00f3n Gracia.<\/p>\n<div dir=\"ltr\">\u00a0<\/div>\n<p dir=\"ltr\">Inform\u00f3 que Ant\u00f3n Gracia cuenta con 25 a\u00f1os de experiencia profesional y ha realizado numerosas e importantes asesor\u00edas, estudios, planes, proyectos de urbanismo y programas de planificaci\u00f3n territorial para el gobierno federal, gobiernos locales y consorcios nacionales e internacionales del sector privado.<\/p>\n","protected":false},"excerpt":{"rendered":"<p>De las m\u00e1s de mil propuestas ciudadanas subidas en la plataforma para participar en la conformaci\u00f3n del Plan Estatal de Desarrollo 2016 \u2013 2022 (PED), un total de 357 corresponden al eje Hidalgo con Desarrollo Sustentable, en temas como cambio clim\u00e1tico, biodiversidad, calidad del aire y manejo de los ecosistemas, manifest\u00f3 Benjam\u00edn Rico Moreno, titular [&hellip;]<\/p>\n","protected":false},"author":3,"featured_media":0,"comment_status":"open","ping_status":"open","sticky":false,"template":"","format":"standard","meta":{"footnotes":""},"categories":[59],"tags":[],"class_list":["post-31308","post","type-post","status-publish","format-standard","hentry","category-general"],"_links":{"self":[{"href":"https:\/\/plazajuarez.mx\/historico\/wp-json\/wp\/v2\/posts\/31308","targetHints":{"allow":["GET"]}}],"collection":[{"href":"https:\/\/plazajuarez.mx\/historico\/wp-json\/wp\/v2\/posts"}],"about":[{"href":"https:\/\/plazajuarez.mx\/historico\/wp-json\/wp\/v2\/types\/post"}],"author":[{"embeddable":true,"href":"https:\/\/plazajuarez.mx\/historico\/wp-json\/wp\/v2\/users\/3"}],"replies":[{"embeddable":true,"href":"https:\/\/plazajuarez.mx\/historico\/wp-json\/wp\/v2\/comments?post=31308"}],"version-history":[{"count":0,"href":"https:\/\/plazajuarez.mx\/historico\/wp-json\/wp\/v2\/posts\/31308\/revisions"}],"wp:attachment":[{"href":"https:\/\/plazajuarez.mx\/historico\/wp-json\/wp\/v2\/media?parent=31308"}],"wp:term":[{"taxonomy":"category","embeddable":true,"href":"https:\/\/plazajuarez.mx\/historico\/wp-json\/wp\/v2\/categories?post=31308"},{"taxonomy":"post_tag","embeddable":true,"href":"https:\/\/plazajuarez.mx\/historico\/wp-json\/wp\/v2\/tags?post=31308"}],"curies":[{"name":"wp","href":"https:\/\/api.w.org\/{rel}","templated":true}]}}